{"id":71390,"date":"2019-02-27T15:20:08","date_gmt":"2019-02-27T14:20:08","guid":{"rendered":"https:\/\/zjarr.tv\/?p=71390"},"modified":"2019-02-27T15:20:08","modified_gmt":"2019-02-27T14:20:08","slug":"me-preu-ne-bese-me-ngacmonte-gruan-zbardhet-deshmia-e-burrit-qe-ekzekutoi-fqinjin","status":"publish","type":"post","link":"https:\/\/zjarr.tv\/en\/me-preu-ne-bese-me-ngacmonte-gruan-zbardhet-deshmia-e-burrit-qe-ekzekutoi-fqinjin\/","title":{"rendered":"\u201cM\u00eb preu n\u00eb bes\u00eb, m\u00eb ngacmonte gruan\u201d, zbardhet d\u00ebshmia e burrit q\u00eb ekzekutoi fqinjin"},"content":{"rendered":"<p>Zbardhet d\u00ebshmia e 37 vje\u00e7arit q\u00eb ekzekutoi fqinjin n\u00eb prit\u00eb, pasi u vet\u00ebdor\u00ebzua dje n\u00eb Policin\u00eb e Shkodr\u00ebs. Vrasja e ndodhur m\u00ebngjesin e s\u00eb diel\u00ebs n\u00eb Durr\u00ebs \u00ebsht\u00eb kryer p\u00ebr \u00e7\u00ebshtje nderi.<\/p>\n<p>K\u00ebshtu ka deklaruar n\u00eb Polici autori Ndue Zefi, i cili u dor\u00ebzua m\u00ebngjesin e djesh\u00ebm n\u00eb Policin\u00eb e Shkodr\u00ebs. Disa or\u00eb m\u00eb pas, ai \u00ebsht\u00eb transferuar n\u00eb Policin\u00eb e Durr\u00ebsit, ku do t\u00eb p\u00ebrballet me hetuesit si autori i vrasjes s\u00eb 45-vje\u00e7arit, me t\u00eb cilin kishte njohje disavje\u00e7are pasi kishin jetuar n\u00eb fshatin Adriatik t\u00eb Kurbinit.<\/p>\n<p>Ai ka pranuar autor\u00ebsin\u00eb e krimit, nd\u00ebrsa ka deklaruar se konflikti ka nisur p\u00ebr \u00e7\u00ebshtje nderi. 37- vje\u00e7ari dyshonte se Martin Ndreca kishte marr\u00ebdh\u00ebnie intime me nj\u00eb pjes\u00ebtar t\u00eb familjes s\u00eb tij, ndaj edhe ka q\u00eblluar kundrejt tij, duke e l\u00ebn\u00eb t\u00eb vdekur n\u00eb vend.<\/p>\n<p>\u201cMe Martinin kemi njohje t\u00eb vjet\u00ebr, sepse kemi jetuar n\u00eb fshatin Adriatik p\u00ebr disa vite. E konsideroja njeri t\u00eb besuar, por m\u00eb preu n\u00eb bes\u00eb. Kisha d\u00ebgjuar llafe t\u00eb ndryshme, q\u00eb kan\u00eb t\u00eb b\u00ebjn\u00eb me \u00e7\u00ebshtje nderi. At\u00eb dit\u00eb (dit\u00ebn e ngjarjes) shkuam p\u00ebr t\u2019i k\u00ebrkuar llogari p\u00ebr veprimet e tij, nuk u mor\u00ebm vesh si njer\u00ebz pasi u soll n\u00eb m\u00ebnyr\u00eb arrogante, duke mos m\u00eb l\u00ebn\u00eb asnj\u00eb zgjidhje tjet\u00ebr. U p\u00ebrplas\u00ebm fillimisht n\u00eb lokal, pastaj edhe n\u00eb vendin ku ndodhi krimi. Q\u00ebllova n\u00eb drejtim t\u00eb tij disa her\u00eb me vet\u00ebdije t\u00eb plot\u00eb, pasi e kishte hak plumbin\u201d, ka deklaruar para hetuesve 37- vje\u00e7ari.<\/p>\n<p>Duke vijuar me tej, Zefi ka th\u00ebn\u00eb se pas krimit ai ishte larguar nga Durr\u00ebsi p\u00ebr t\u2019u fshehur n\u00eb Puk\u00eb (n\u00eb vendlindjen e tij).<\/p>\n<p>\u201cPasi konstatova se kishte vdekur, u largova me shpejt\u00ebsi nga vendi i ngjarjes. Pak metra larg vendit t\u00eb krimit hodha arm\u00ebn, me t\u00eb cil\u00ebn kreva vrasjen dhe u largova n\u00eb drejtim t\u00eb Puk\u00ebs, n\u00eb vendlindjen time, p\u00ebr t\u2019u fshehur. Por vendosa t\u00eb dor\u00ebzohem n\u00eb Polici, sepse nuk kisha d\u00ebshir\u00eb t\u00eb q\u00ebndroja i fshehur, por t\u00eb p\u00ebrballem me drejt\u00ebsin\u00eb\u201d, m\u00ebsohet t\u00eb jet\u00eb shprehur Zefi, i cili tashm\u00eb do t\u00eb dal\u00eb p\u00ebrpara togave t\u00eb zeza p\u00ebr t\u00eb m\u00ebsuar mas\u00ebn e siguris\u00eb q\u00eb Gjykata do t\u00eb vendos\u00eb p\u00ebr 37-vje\u00e7arin.<\/p>\n<p>Nisur nga kjo d\u00ebshmi, forcat e rendit kan\u00eb arritur t\u00eb gjejn\u00eb arm\u00ebn dhe t\u00eb kryejn\u00eb sekuestrimin e saj n\u00eb cil\u00ebsin\u00eb e prov\u00ebs materiale. Policia b\u00ebri me dije se rreth or\u00ebs 01:10 t\u00eb s\u00eb diel\u00ebs, n\u00eb lagjen ish-K\u00ebnet\u00eb, shtetasi Ndue Zefi, 37 vje\u00e7, nga Puka, p\u00ebr motive t\u00eb dob\u00ebta dyshohet se ka vrar\u00eb me arm\u00eb zjarri shtetasin Martin Ndreca, 45 vje\u00e7, nga Mirdita, banues n\u00eb k\u00ebt\u00eb lagje. Autori dhe viktima kan\u00eb qen\u00eb n\u00eb nj\u00eb lokal dhe kan\u00eb pasur njohje t\u00eb vjet\u00ebr me nj\u00ebri-tjetrin.<\/p>\n<p>Ata kan\u00eb pasur nj\u00eb sherr n\u00eb lokal dhe m\u00eb pas Ndue Zefi ka shkuar n\u00eb sht\u00ebpi p\u00ebr t\u00eb marr\u00eb arm\u00ebn e krimit. Zefi ka sht\u00ebn\u00eb 5 her\u00eb n\u00eb drejtim t\u00eb 45-vje\u00e7arit, nd\u00ebrsa nj\u00eb plumb i ka p\u00ebrshkuar organet jet\u00ebsore, duke e l\u00ebn\u00eb t\u00eb pajet\u00eb n\u00eb vend brenda makin\u00ebs \u201cBenz\u201d.<\/p>\n<p>M\u00ebsohet se Ndreca dhe Zefi, p\u00ebrve\u00e7se ishin fqinj n\u00eb Durr\u00ebs, kan\u00eb qen\u00eb fqinj edhe n\u00eb Adriatik t\u00eb Kurbinit. T\u00eb dyja familjet jetonin me qira n\u00eb ish-K\u00ebnet\u00ebn e Durr\u00ebsit, nd\u00ebrsa Martin Ndreca her\u00eb pas here shkonte p\u00ebr t\u00eb kryer pun\u00eb sezonale n\u00eb Gjermani.<\/p>","protected":false},"excerpt":{"rendered":"<p>Zbardhet d\u00ebshmia e 37 vje\u00e7arit q\u00eb ekzekutoi fqinjin n\u00eb prit\u00eb, pasi u vet\u00ebdor\u00ebzua dje n\u00eb Policin\u00eb e Shkodr\u00ebs. Vrasja e ndodhur m\u00ebngjesin e s\u00eb diel\u00ebs n\u00eb Durr\u00ebs \u00ebsht\u00eb kryer p\u00ebr \u00e7\u00ebshtje nderi. K\u00ebshtu ka deklaruar n\u00eb Polici autori Ndue Zefi, i cili u dor\u00ebzua m\u00ebngjesin e djesh\u00ebm n\u00eb Policin\u00eb e Shkodr\u00ebs. Disa or\u00eb m\u00eb pas, [&hellip;]<\/p>\n","protected":false},"author":2020,"featured_media":0,"comment_status":"open","ping_status":"closed","sticky":false,"template":"","format":"standard","meta":{"footnotes":""},"categories":[241,231,235],"tags":[],"class_list":{"0":"post-71390","1":"post","2":"type-post","3":"status-publish","4":"format-standard","6":"category-aktualitet","7":"category-lajme","8":"category-vendi"},"_links":{"self":[{"href":"https:\/\/zjarr.tv\/en\/wp-json\/wp\/v2\/posts\/71390","targetHints":{"allow":["GET"]}}],"collection":[{"href":"https:\/\/zjarr.tv\/en\/wp-json\/wp\/v2\/posts"}],"about":[{"href":"https:\/\/zjarr.tv\/en\/wp-json\/wp\/v2\/types\/post"}],"author":[{"embeddable":true,"href":"https:\/\/zjarr.tv\/en\/wp-json\/wp\/v2\/users\/2020"}],"replies":[{"embeddable":true,"href":"https:\/\/zjarr.tv\/en\/wp-json\/wp\/v2\/comments?post=71390"}],"version-history":[{"count":0,"href":"https:\/\/zjarr.tv\/en\/wp-json\/wp\/v2\/posts\/71390\/revisions"}],"wp:attachment":[{"href":"https:\/\/zjarr.tv\/en\/wp-json\/wp\/v2\/media?parent=71390"}],"wp:term":[{"taxonomy":"category","embeddable":true,"href":"https:\/\/zjarr.tv\/en\/wp-json\/wp\/v2\/categories?post=71390"},{"taxonomy":"post_tag","embeddable":true,"href":"https:\/\/zjarr.tv\/en\/wp-json\/wp\/v2\/tags?post=71390"}],"curies":[{"name":"wp","href":"https:\/\/api.w.org\/{rel}","templated":true}]}}