{"id":71516,"date":"2019-02-28T11:59:39","date_gmt":"2019-02-28T10:59:39","guid":{"rendered":"https:\/\/zjarr.tv\/?p=71516"},"modified":"2019-02-28T11:59:39","modified_gmt":"2019-02-28T10:59:39","slug":"fleckenstein-paralajmeron-opoziten-ne-qershor-do-te-mbani-pergjegjesi-per-dhunen","status":"publish","type":"post","link":"https:\/\/zjarr.tv\/en\/fleckenstein-paralajmeron-opoziten-ne-qershor-do-te-mbani-pergjegjesi-per-dhunen\/","title":{"rendered":"Fleckenstein paralajm\u00ebron opozit\u00ebn: N\u00eb qershor do t\u00eb mbani p\u00ebrgjegj\u00ebsi p\u00ebr dhun\u00ebn"},"content":{"rendered":"<p>Raportuesi p\u00ebr Shqip\u00ebrin\u00eb n\u00eb Parlamentin Evropian Knut Fleckenstein, gjat\u00eb fjal\u00ebs s\u00eb tij n\u00eb konferenc\u00eb, i ka dh\u00ebn\u00eb nj\u00eb mesazh t\u00eb drejtp\u00ebrdrejt opozit\u00ebs.<\/p>\n<p>Fleckenstein i ka k\u00ebrkuar opozit\u00ebs q\u00eb t\u00eb mbaj p\u00ebrgjegj\u00ebsi p\u00ebr dhun\u00ebn, pasi do t\u00eb pengoj\u00eb procesin e an\u00ebtar\u00ebsimit t\u00eb vendit n\u00eb Bashkimin Europian.<\/p>\n<p>\u201c<em>Ata q\u00eb organizojn\u00eb protesta duhet t\u00eb kujdesen p\u00ebr t\u00eb parandaluar dhun\u00ebn. Ata q\u00eb organizojn\u00eb protesta duhet t\u00eb mbajn\u00eb p\u00ebrgjegj\u00ebsi. Nuk mund t\u00eb organizosh protesta dhe t\u00eb thuash nuk \u00ebsht\u00eb dhuna ime. Pamjet e dhun\u00ebs do t\u00eb ken\u00eb pasoj\u00eb p\u00ebr diskutimet q\u00eb do t\u00eb organizohen n\u00eb qershor\u201d,<\/em>\u00a0u shpreh ai.<\/p>","protected":false},"excerpt":{"rendered":"<p>Raportuesi p\u00ebr Shqip\u00ebrin\u00eb n\u00eb Parlamentin Evropian Knut Fleckenstein, gjat\u00eb fjal\u00ebs s\u00eb tij n\u00eb konferenc\u00eb, i ka dh\u00ebn\u00eb nj\u00eb mesazh t\u00eb drejtp\u00ebrdrejt opozit\u00ebs. Fleckenstein i ka k\u00ebrkuar opozit\u00ebs q\u00eb t\u00eb mbaj p\u00ebrgjegj\u00ebsi p\u00ebr dhun\u00ebn, pasi do t\u00eb pengoj\u00eb procesin e an\u00ebtar\u00ebsimit t\u00eb vendit n\u00eb Bashkimin Europian. \u201cAta q\u00eb organizojn\u00eb protesta duhet t\u00eb kujdesen p\u00ebr t\u00eb parandaluar [&hellip;]<\/p>\n","protected":false},"author":4,"featured_media":50941,"comment_status":"open","ping_status":"closed","sticky":false,"template":"","format":"standard","meta":{"footnotes":""},"categories":[241,231,235],"tags":[],"class_list":{"0":"post-71516","1":"post","2":"type-post","3":"status-publish","4":"format-standard","5":"has-post-thumbnail","7":"category-aktualitet","8":"category-lajme","9":"category-vendi"},"_links":{"self":[{"href":"https:\/\/zjarr.tv\/en\/wp-json\/wp\/v2\/posts\/71516","targetHints":{"allow":["GET"]}}],"collection":[{"href":"https:\/\/zjarr.tv\/en\/wp-json\/wp\/v2\/posts"}],"about":[{"href":"https:\/\/zjarr.tv\/en\/wp-json\/wp\/v2\/types\/post"}],"author":[{"embeddable":true,"href":"https:\/\/zjarr.tv\/en\/wp-json\/wp\/v2\/users\/4"}],"replies":[{"embeddable":true,"href":"https:\/\/zjarr.tv\/en\/wp-json\/wp\/v2\/comments?post=71516"}],"version-history":[{"count":0,"href":"https:\/\/zjarr.tv\/en\/wp-json\/wp\/v2\/posts\/71516\/revisions"}],"wp:featuredmedia":[{"embeddable":true,"href":"https:\/\/zjarr.tv\/en\/wp-json\/wp\/v2\/media\/50941"}],"wp:attachment":[{"href":"https:\/\/zjarr.tv\/en\/wp-json\/wp\/v2\/media?parent=71516"}],"wp:term":[{"taxonomy":"category","embeddable":true,"href":"https:\/\/zjarr.tv\/en\/wp-json\/wp\/v2\/categories?post=71516"},{"taxonomy":"post_tag","embeddable":true,"href":"https:\/\/zjarr.tv\/en\/wp-json\/wp\/v2\/tags?post=71516"}],"curies":[{"name":"wp","href":"https:\/\/api.w.org\/{rel}","templated":true}]}}