{"id":71518,"date":"2019-02-28T12:12:21","date_gmt":"2019-02-28T11:12:21","guid":{"rendered":"https:\/\/zjarr.tv\/?p=71518"},"modified":"2019-02-28T12:12:21","modified_gmt":"2019-02-28T11:12:21","slug":"petrit-vasili-eurodeputetet-e-kane-shikimin-te-turbulluar-korrupsioni-duhet-te-luftohet-si-ne-gjermani","status":"publish","type":"post","link":"https:\/\/zjarr.tv\/en\/petrit-vasili-eurodeputetet-e-kane-shikimin-te-turbulluar-korrupsioni-duhet-te-luftohet-si-ne-gjermani\/","title":{"rendered":"Petrit Vasili: Eurodeputet\u00ebt e kan\u00eb shikimin t\u00eb turbulluar, korrupsioni duhet t\u00eb luftohet si n\u00eb Gjermani"},"content":{"rendered":"<p style=\"line-height: 24.0pt;margin: 0in 0in 22.5pt 0in\"><span style=\"color: #18191a\">Ish deputeti i LSI Petrit Vasili ka reaguar pas deklarat\u00ebs s\u00eb delegacionit t\u00eb PE n\u00eb Tiran\u00eb p\u00ebr situat\u00ebn politike n\u00eb vend.<\/span><\/p>\n<p style=\"line-height: 24.0pt;text-align: start;margin: 0in 0in 22.5pt 0in\"><span style=\"color: #18191a\">P\u00ebrmes nj\u00eb deklarate p\u00ebr mediat, Vasili tha se eurodeputet\u00ebt e kan\u00eb shikimin e turbulluar, pasi nuk shohin gjendjen n\u00eb t\u00eb cil\u00ebn ndodhet vendi, ku sipas tij dosja \u2018339\u2019 q\u00ebndron e bllokuar, krimi ka bler\u00eb votat dhe unaza e re \u00ebsht\u00eb nj\u00eb skandal nd\u00ebrkomb\u00ebtar.<\/span><\/p>\n<p style=\"line-height: 24.0pt;margin: 0in 0in 22.5pt 0in\"><span style=\"color: #18191a\">Petrit Vasili u shpreh se opozita do ket\u00eb gjithmon\u00eb nj\u00eb shami n\u00eb dor\u00eb p\u00ebr t\u00eb pastruar syt\u00eb e turbulluar t\u00eb eurodeputet\u00ebve.<\/span><\/p>\n<p style=\"line-height: 24.0pt;text-align: start;margin: 0in 0in 22.5pt 0in\"><span style=\"color: #18191a\">\u201cVota n\u00eb Shqip\u00ebri \u00ebsht\u00eb bler\u00eb nga krimi dhe fajtor\u00ebt i njeh gjith\u00eb Shqip\u00ebria. \u00c7udi q\u00eb zyrtar\u00ebt e BE s\u2019kan\u00eb d\u00ebgjuar p\u00ebr dosjen \u2018339\u2019, e cila mbahet e bllokuar. Unaza e re \u00ebsht\u00eb nj\u00eb skandal nd\u00ebrkomb\u00ebtar. Nuk e shohin zytar\u00ebt e PE se kan\u00eb shikim t\u00eb turbulluar, por ne do mundohemi tua qart\u00ebsojm\u00eb shikimin. Asnj\u00eb standard q\u00eb \u00ebsht\u00eb i pa pranuesh\u00ebm p\u00ebr Evrop\u00ebn nuk mund t\u00eb jet\u00eb i pranuesh\u00ebm p\u00ebr Shqip\u00ebrin\u00eb. Korrupsioni si\u00e7 luftohet n\u00eb Gjermani do t\u00eb luftohet edhe n\u00eb Shqip\u00ebri. Opozita do ket\u00eb gjithmon\u00eb nj\u00eb shami n\u00eb dor\u00eb p\u00ebr t\u00eb pastruar syt\u00eb e turbulluar t\u00eb eurodeputet\u00ebve\u201d- tha Vasili.<\/span><\/p>","protected":false},"excerpt":{"rendered":"<p>Ish deputeti i LSI Petrit Vasili ka reaguar pas deklarat\u00ebs s\u00eb delegacionit t\u00eb PE n\u00eb Tiran\u00eb p\u00ebr situat\u00ebn politike n\u00eb vend. P\u00ebrmes nj\u00eb deklarate p\u00ebr mediat, Vasili tha se eurodeputet\u00ebt e kan\u00eb shikimin e turbulluar, pasi nuk shohin gjendjen n\u00eb t\u00eb cil\u00ebn ndodhet vendi, ku sipas tij dosja \u2018339\u2019 q\u00ebndron e bllokuar, krimi ka bler\u00eb [&hellip;]<\/p>\n","protected":false},"author":4,"featured_media":70162,"comment_status":"open","ping_status":"closed","sticky":false,"template":"","format":"standard","meta":{"footnotes":""},"categories":[241,231,235],"tags":[],"class_list":{"0":"post-71518","1":"post","2":"type-post","3":"status-publish","4":"format-standard","5":"has-post-thumbnail","7":"category-aktualitet","8":"category-lajme","9":"category-vendi"},"_links":{"self":[{"href":"https:\/\/zjarr.tv\/en\/wp-json\/wp\/v2\/posts\/71518","targetHints":{"allow":["GET"]}}],"collection":[{"href":"https:\/\/zjarr.tv\/en\/wp-json\/wp\/v2\/posts"}],"about":[{"href":"https:\/\/zjarr.tv\/en\/wp-json\/wp\/v2\/types\/post"}],"author":[{"embeddable":true,"href":"https:\/\/zjarr.tv\/en\/wp-json\/wp\/v2\/users\/4"}],"replies":[{"embeddable":true,"href":"https:\/\/zjarr.tv\/en\/wp-json\/wp\/v2\/comments?post=71518"}],"version-history":[{"count":0,"href":"https:\/\/zjarr.tv\/en\/wp-json\/wp\/v2\/posts\/71518\/revisions"}],"wp:featuredmedia":[{"embeddable":true,"href":"https:\/\/zjarr.tv\/en\/wp-json\/wp\/v2\/media\/70162"}],"wp:attachment":[{"href":"https:\/\/zjarr.tv\/en\/wp-json\/wp\/v2\/media?parent=71518"}],"wp:term":[{"taxonomy":"category","embeddable":true,"href":"https:\/\/zjarr.tv\/en\/wp-json\/wp\/v2\/categories?post=71518"},{"taxonomy":"post_tag","embeddable":true,"href":"https:\/\/zjarr.tv\/en\/wp-json\/wp\/v2\/tags?post=71518"}],"curies":[{"name":"wp","href":"https:\/\/api.w.org\/{rel}","templated":true}]}}