{"id":71519,"date":"2019-02-28T12:21:14","date_gmt":"2019-02-28T11:21:14","guid":{"rendered":"https:\/\/zjarr.tv\/?p=71519"},"modified":"2019-02-28T12:21:14","modified_gmt":"2019-02-28T11:21:14","slug":"gjysher-qe-humben-jeten-nga-niper-e-mbesa-precedentet-deri-te-vlora","status":"publish","type":"post","link":"https:\/\/zjarr.tv\/en\/gjysher-qe-humben-jeten-nga-niper-e-mbesa-precedentet-deri-te-vlora\/","title":{"rendered":"Gjysh\u00ebr q\u00eb humb\u00ebn jet\u00ebn nga nip\u00ebr e mbesa, precedent\u00ebt deri te Vlora"},"content":{"rendered":"<p>Ngjarja e r\u00ebnd\u00eb n\u00eb Vlor\u00eb, ku 16 vjecari, vrau gjyshin e tij p\u00ebr t\u2019i marr\u00eb parat\u00eb risjell n\u00eb v\u00ebmendje ngjarje t\u00eb p\u00ebrsitura n\u00eb vend, ku \u2018skenari\u2019 \u00ebsht\u00eb \u00a0thuajse i nj\u00ebjt\u00eb.<\/p>\n<p>N\u00eb\u00a02 Shtator\u00a02014n\u00eb Durr\u00ebs u vran\u00eb e u masakruan dy t\u00eb moshuara Gjinovefa Vava 70 vje\u00e7 dhe Elsa Vava, 75 vje\u00e7, kunata mes tyre. Ato u gjet\u00ebn t\u00eb lidhura n\u00eb duar dhe me qese n\u00eb kok\u00eb, nd\u00ebrsa policia arrestoi 2 persona si autor\u00eb t\u00eb krimit, nj\u00ebri prej t\u00eb cil\u00ebve nip i Gjinovef\u00ebs. Vrasja e tyre u krye me q\u00ebllim q\u00eb t\u2019iu merrnin parat\u00eb<\/p>\n<p>N\u00eb prill t\u00eb 2017 n\u00eb lagjen Nr.10, Durr\u00ebs policia njoftoi se u gjet\u00ebn pa shenja jete Ersid Curri 25\u00a0 vjec dhe gjyshja e tij 80 vjecare Hurme Curri. Nga hetimet rezultoi se 25 vjecari kishte vrar\u00eb me automatik, gjyshen e tij 80-vjecare, i tronditur m\u00eb pas i dha fund jet\u00ebs. Policia tha se i riu vuante nga depresioni dhe krimi u krye n\u00eb kushtet e gjendjes s\u00eb r\u00ebnduar psikologjike.<\/p>\n<p>N\u00eb maj t\u00eb 2015, 82-vjecarja Angje Hila u mbyt me jast\u00ebk nga mbesa e saj Xhoana Hila n\u00eb Shkod\u00ebr. E reja, bashk\u00ebpunoi n\u00eb krim me t\u00eb dashurin e saj Erando Qatipi. 32-vje\u00e7arja ka pranuar se kishte dijeni p\u00ebr krimin, por ajo ia adresoi autor\u00ebsin\u00eb t\u00eb dashurit t\u00eb saj. Gjat\u00eb d\u00ebshmis\u00eb s\u00eb saj, ku shfaqi shenja pendese, vajza pohoi se \u2018gjyshen e mbyti i dashuri me jast\u00ebk\u2019, nd\u00ebrsa po tentonin ti vidhnin asaj florinjt\u00eb.<\/p>\n<p>Kumbulla Papajani \u00ebsht\u00eb nj\u00eb tjet\u00ebr gjyshe, viktim\u00eb e konfliktit me nipin e saj. 77 vjecarja u gjet e masakruar me thik\u00eb n\u00eb korridorin e apartamentit ku banonte n\u00eb rrug\u00ebn Muhabet Gjollesha n\u00eb Tiran\u00eb. Ngjarja e r\u00ebnd\u00eb tronditi opinionin publik nd\u00ebrsa p\u00ebr disa dit\u00eb u b\u00eb tem\u00eb e dit\u00ebs n\u00eb median e shkruar dhe at\u00eb televizive. Pas komunikimit t\u00eb arrestit n\u00eb kushtet e flagranc\u00ebs, me akuz\u00ebn e vrasjes s\u00eb gjyshes p\u00ebr motive t\u00eb dob\u00ebta, Klajdi Papajani pranoi krimin, dhe tha se kishte vrar\u00eb gjyshen e tij, n\u00eb gjaknxeht\u00ebsi e sip\u00ebr. Para grupit hetimor asokohe 17 vjec, Papajani u shpreh se se vazhdimisht grindej me gjyshen nd\u00ebrsa pohoi se \u201cgjyshja na e ka nxir\u00eb jet\u00ebn. N\u00ebna dhe babai kan\u00eb vuajtur p\u00ebr shkak t\u00eb saj\u201d<\/p>\n<p>M\u00eb27 shtator 2018, 81-vjecarja Floresha Shkurti\u00a0u gjet e vdekur n\u00eb banes\u00eb. Edhe n\u00eb k\u00ebt\u00eb rast hetimet konfirmuan se e moshuara ishte viktim\u00eb e nipit t\u00eb saj, 21 vjecarit Redmon Gruda i cili jetonte bashk\u00eb me t\u00eb n\u00eb nj\u00eb sht\u00ebpi. I riu goditi me thik\u00eb n\u00eb kok\u00eb gjyshen e tij, duke i shkaktuar vdekjen e menj\u00ebhershme.<\/p>\n<p>Rasti m\u00eb i fundit u sh\u00ebnua mbr\u00ebmjen e\u00a027 shkurtit t\u00eb k\u00ebtij viti, kur 16-vje\u00e7ari Vangjel Kapllani, i cili mbante t\u00eb nj\u00ebjtin em\u00ebr me gjyshin,e vrau at\u00eb p\u00ebr t\u2019i marr\u00eb parat\u00eb. \u201cE vrava gjyshin se m\u00eb nxiu jet\u00ebn. M\u00eb stresonte, nuk e duroja dot m\u00eb\u201d, ka th\u00ebn\u00eb para oficer\u00ebve t\u00eb policis\u00eb 16-vje\u00e7ari nga Vlora, q\u00eb pas krimit makab\u00ebr doli pa t\u00eb keq dhe tha n\u00eb nj\u00eb intervist\u00eb ekskluzive p\u00ebr gazetarin Enrik Mehmeti se e kishte gjetur t\u00eb mbuluar nga gjaku gjyshin e tij, duke aluduar se ishte q\u00eblluar p\u00ebr grabitje nga persona t\u00eb tjer\u00eb. I mituri kishte humbur prind\u00ebrit n\u00eb aksident dhe ishte rritur nga gjyshi i tij.<\/p>","protected":false},"excerpt":{"rendered":"<p>Ngjarja e r\u00ebnd\u00eb n\u00eb Vlor\u00eb, ku 16 vjecari, vrau gjyshin e tij p\u00ebr t\u2019i marr\u00eb parat\u00eb risjell n\u00eb v\u00ebmendje ngjarje t\u00eb p\u00ebrsitura n\u00eb vend, ku \u2018skenari\u2019 \u00ebsht\u00eb \u00a0thuajse i nj\u00ebjt\u00eb. N\u00eb\u00a02 Shtator\u00a02014n\u00eb Durr\u00ebs u vran\u00eb e u masakruan dy t\u00eb moshuara Gjinovefa Vava 70 vje\u00e7 dhe Elsa Vava, 75 vje\u00e7, kunata mes tyre. Ato u [&hellip;]<\/p>\n","protected":false},"author":2020,"featured_media":69149,"comment_status":"open","ping_status":"closed","sticky":false,"template":"","format":"standard","meta":{"footnotes":""},"categories":[241,231,235],"tags":[],"class_list":{"0":"post-71519","1":"post","2":"type-post","3":"status-publish","4":"format-standard","5":"has-post-thumbnail","7":"category-aktualitet","8":"category-lajme","9":"category-vendi"},"_links":{"self":[{"href":"https:\/\/zjarr.tv\/en\/wp-json\/wp\/v2\/posts\/71519","targetHints":{"allow":["GET"]}}],"collection":[{"href":"https:\/\/zjarr.tv\/en\/wp-json\/wp\/v2\/posts"}],"about":[{"href":"https:\/\/zjarr.tv\/en\/wp-json\/wp\/v2\/types\/post"}],"author":[{"embeddable":true,"href":"https:\/\/zjarr.tv\/en\/wp-json\/wp\/v2\/users\/2020"}],"replies":[{"embeddable":true,"href":"https:\/\/zjarr.tv\/en\/wp-json\/wp\/v2\/comments?post=71519"}],"version-history":[{"count":0,"href":"https:\/\/zjarr.tv\/en\/wp-json\/wp\/v2\/posts\/71519\/revisions"}],"wp:featuredmedia":[{"embeddable":true,"href":"https:\/\/zjarr.tv\/en\/wp-json\/wp\/v2\/media\/69149"}],"wp:attachment":[{"href":"https:\/\/zjarr.tv\/en\/wp-json\/wp\/v2\/media?parent=71519"}],"wp:term":[{"taxonomy":"category","embeddable":true,"href":"https:\/\/zjarr.tv\/en\/wp-json\/wp\/v2\/categories?post=71519"},{"taxonomy":"post_tag","embeddable":true,"href":"https:\/\/zjarr.tv\/en\/wp-json\/wp\/v2\/tags?post=71519"}],"curies":[{"name":"wp","href":"https:\/\/api.w.org\/{rel}","templated":true}]}}