{"id":71520,"date":"2019-02-28T12:13:07","date_gmt":"2019-02-28T11:13:07","guid":{"rendered":"https:\/\/zjarr.tv\/?p=71520"},"modified":"2019-02-28T12:29:24","modified_gmt":"2019-02-28T11:29:24","slug":"disbalancat-e-ekonomise-italiane-rrezik-per-eurozonen","status":"publish","type":"post","link":"https:\/\/zjarr.tv\/en\/disbalancat-e-ekonomise-italiane-rrezik-per-eurozonen\/","title":{"rendered":"Disbalancat e ekonomis\u00eb italiane, rrezik p\u00ebr Eurozon\u00ebn"},"content":{"rendered":"<p><em>Nj\u00eb seri vendesh evropiane, dhe kryesisht Italia, raportojn\u00eb disbalanca t\u00eb tep\u00ebrta ekonomike t\u00eb cilat po rrezikojn\u00eb q\u00ebndrueshm\u00ebrin\u00eb e bllokut evropian. Sipas komisionierit p\u00ebr ekonomin\u00eb dhe financat e eurozon\u00ebs, Roma duhet medoemos t\u00eb marr\u00eb masa p\u00ebr uljen e borxhit publik nga niveli aktual prej 131 p\u00ebr qind dhe t\u00eb nivelit t\u00eb kredive t\u00eb k\u00ebqija n\u00eb sistemin e saj bankar, p\u00ebrndryshe pasojat e recesionit q\u00eb vendi po p\u00ebrjeton prej muajsh do t\u00eb shtrihen p\u00ebrtej kufijve t\u00eb vendit.<\/em><\/p>\n<p>Komisioni Evropian ka paralajm\u00ebruar Italin\u00eb se disbalancat ekonomike n\u00eb vend, si\u00e7 jan\u00eb borxhi i lart\u00eb, shpenzimet publike dhe niveli i kredive t\u00eb k\u00ebqija n\u00eb banka, k\u00ebrc\u00ebnojn\u00eb q\u00ebndrueshm\u00ebrin\u00eb e vendeve t\u00eb tjera t\u00eb eurozon\u00ebs.<\/p>\n<p>N\u00eb raportin dim\u00ebror p\u00ebr ekonomit\u00eb e Bashkimit Europian, Komisioni theksoi se nj\u00eb num\u00ebr vendesh, mes t\u00eb cilave Franca dhe Gjermania po ashtu po p\u00ebrjetojn\u00eb momente disbalancash n\u00eb tregjet e tyre, por m\u00eb serioz mbetet rasti i Italis\u00eb, e cila \u00ebsht\u00eb edhe ekonomia e tret\u00eb m\u00eb e madhe e bllokut.<\/p>\n<p><strong>Moscovici:<\/strong><em>\u00a0Italia po p\u00ebrjeton nj\u00eb zhbalancim t\u00eb tepruar. Borxhi i lart\u00eb qeveritar dhe dinamikat e ul\u00ebta t\u00eb produktivitetit rrezikojn\u00eb t\u00eb ken\u00eb pasoja p\u00ebrtej kufijve t\u00eb vendit. Mesazhi yn\u00eb p\u00ebr Italin\u00eb mbetet ai i m\u00ebparshmi: t\u00eb merren hapat p\u00ebr t\u00eb p\u00ebrmir\u00ebsuar cil\u00ebsin\u00eb e financave publike, t\u00eb rritet efektshm\u00ebria e administrat\u00ebs publike dhe e sistemit t\u00eb drejt\u00ebsis\u00eb, dhe t\u00eb p\u00ebrsoset klima p\u00ebr biznes dhe sistemi i saj financiar.<\/em><\/p>\n<p>N\u00eb Bruksel, &#8220;disbalancat e tep\u00ebrta ekonomike&#8221; shihen si nj\u00eb siren\u00eb alarmi p\u00ebr ekonomit\u00eb evropiane q\u00eb jan\u00eb m\u00eb t\u00eb prekura nga goditjet ekonomike dhe financiare.<\/p>\n<p>Italia ka mbetur n\u00eb sh\u00ebnjestr\u00ebn e Komisionit Europian q\u00eb prej fundvitit t\u00eb kaluar, kur p\u00ebr her\u00eb t\u00eb par\u00eb u hodh\u00ebn posht\u00eb planet e qeveris\u00eb s\u00eb Rom\u00ebs p\u00ebr t\u00eb p\u00ebrmbushur premtimet elektorale n\u00eb kurriz t\u00eb nj\u00eb deficiti dhe borxhi publik m\u00eb t\u00eb lart\u00eb.<\/p>\n<p>Komisionieri evropian p\u00ebr \u00e7\u00ebshtjet e ekonomis\u00eb dhe financ\u00ebs n\u00eb eurozon\u00eb tha t\u00eb m\u00ebrkur\u00ebn se gjendja e disbalancave ekonomike n\u00eb Itali mund t\u00eb p\u00ebrmir\u00ebsohet n\u00ebse qeveria italiane nd\u00ebrmerr reformat e duhura.<\/p>\n<p>Ndryshimet e thella fiskale apo reforma e pensioneve shihen si nj\u00eb urgjenc\u00eb komb\u00ebtare p\u00ebr sa koh\u00eb vendi prej muajsh p\u00ebrballet me nj\u00eb recesion ekonomik.<\/p>\n<p>&nbsp;<\/p>","protected":false},"excerpt":{"rendered":"<p>Nj\u00eb seri vendesh evropiane, dhe kryesisht Italia, raportojn\u00eb disbalanca t\u00eb tep\u00ebrta ekonomike t\u00eb cilat po rrezikojn\u00eb q\u00ebndrueshm\u00ebrin\u00eb e bllokut evropian. Sipas komisionierit p\u00ebr ekonomin\u00eb dhe financat e eurozon\u00ebs, Roma duhet medoemos t\u00eb marr\u00eb masa p\u00ebr uljen e borxhit publik nga niveli aktual prej 131 p\u00ebr qind dhe t\u00eb nivelit t\u00eb kredive t\u00eb k\u00ebqija n\u00eb sistemin [&hellip;]<\/p>\n","protected":false},"author":2013,"featured_media":50137,"comment_status":"open","ping_status":"closed","sticky":false,"template":"","format":"standard","meta":{"footnotes":""},"categories":[241,191],"tags":[],"class_list":{"0":"post-71520","1":"post","2":"type-post","3":"status-publish","4":"format-standard","5":"has-post-thumbnail","7":"category-aktualitet","8":"category-bota"},"_links":{"self":[{"href":"https:\/\/zjarr.tv\/en\/wp-json\/wp\/v2\/posts\/71520","targetHints":{"allow":["GET"]}}],"collection":[{"href":"https:\/\/zjarr.tv\/en\/wp-json\/wp\/v2\/posts"}],"about":[{"href":"https:\/\/zjarr.tv\/en\/wp-json\/wp\/v2\/types\/post"}],"author":[{"embeddable":true,"href":"https:\/\/zjarr.tv\/en\/wp-json\/wp\/v2\/users\/2013"}],"replies":[{"embeddable":true,"href":"https:\/\/zjarr.tv\/en\/wp-json\/wp\/v2\/comments?post=71520"}],"version-history":[{"count":0,"href":"https:\/\/zjarr.tv\/en\/wp-json\/wp\/v2\/posts\/71520\/revisions"}],"wp:featuredmedia":[{"embeddable":true,"href":"https:\/\/zjarr.tv\/en\/wp-json\/wp\/v2\/media\/50137"}],"wp:attachment":[{"href":"https:\/\/zjarr.tv\/en\/wp-json\/wp\/v2\/media?parent=71520"}],"wp:term":[{"taxonomy":"category","embeddable":true,"href":"https:\/\/zjarr.tv\/en\/wp-json\/wp\/v2\/categories?post=71520"},{"taxonomy":"post_tag","embeddable":true,"href":"https:\/\/zjarr.tv\/en\/wp-json\/wp\/v2\/tags?post=71520"}],"curies":[{"name":"wp","href":"https:\/\/api.w.org\/{rel}","templated":true}]}}