{"id":71927,"date":"2019-03-02T12:33:47","date_gmt":"2019-03-02T11:33:47","guid":{"rendered":"https:\/\/zjarr.tv\/?p=71927"},"modified":"2019-03-02T12:33:47","modified_gmt":"2019-03-02T11:33:47","slug":"lojtari-i-kombetares-mbetet-pa-ekip","status":"publish","type":"post","link":"https:\/\/zjarr.tv\/en\/lojtari-i-kombetares-mbetet-pa-ekip\/","title":{"rendered":"Lojtari i Komb\u00ebtares mbetet pa ekip"},"content":{"rendered":"<p>Tashm\u00eb \u00ebsht\u00eb zyrtare! Shk\u00eblzen Gashi mbetet pa ekip. Pas tre vitesh me fanell\u00ebn e Kolorado Rapids n\u00eb MLS amerikane, lojtarit t\u00eb Komb\u00ebtares i \u00ebsht\u00eb treguar dera. Gashi iu bashkua Kolorado Rapids menj\u00ebher\u00eb pas aventur\u00ebs kuqezi n\u00eb Europianin e Franc\u00ebs dhe kjo zgjedhje ndikoi q\u00eb ai t\u00eb humbiste dhe kontaktet me fanell\u00ebn kuqezi. Lajmin p\u00ebr largimin e Gashit, e ka dh\u00ebn\u00eb vet\u00eb klubi amerikan, q\u00eb n\u00eb postimin e tij n\u00eb Facebook shkruan \u201cKlubi ka vendosur t\u00eb heq\u00eb dor\u00eb nga Shk\u00eblzen Gashi.\u00a0 Duam t\u00eb fal\u00ebnderojm\u00eb Shk\u00eblzenin p\u00ebr sh\u00ebrbimet e tij gjat\u00eb k\u00ebtyre tre viteve dhe i urojm\u00eb atij gjith\u00eb t\u00eb mirat\u201d.<\/p>","protected":false},"excerpt":{"rendered":"<p>Tashm\u00eb \u00ebsht\u00eb zyrtare! Shk\u00eblzen Gashi mbetet pa ekip. Pas tre vitesh me fanell\u00ebn e Kolorado Rapids n\u00eb MLS amerikane, lojtarit t\u00eb Komb\u00ebtares i \u00ebsht\u00eb treguar dera. Gashi iu bashkua Kolorado Rapids menj\u00ebher\u00eb pas aventur\u00ebs kuqezi n\u00eb Europianin e Franc\u00ebs dhe kjo zgjedhje ndikoi q\u00eb ai t\u00eb humbiste dhe kontaktet me fanell\u00ebn kuqezi. Lajmin p\u00ebr largimin [&hellip;]<\/p>\n","protected":false},"author":2013,"featured_media":71929,"comment_status":"open","ping_status":"closed","sticky":false,"template":"","format":"standard","meta":{"footnotes":""},"categories":[241,192],"tags":[],"class_list":{"0":"post-71927","1":"post","2":"type-post","3":"status-publish","4":"format-standard","5":"has-post-thumbnail","7":"category-aktualitet","8":"category-sport"},"_links":{"self":[{"href":"https:\/\/zjarr.tv\/en\/wp-json\/wp\/v2\/posts\/71927","targetHints":{"allow":["GET"]}}],"collection":[{"href":"https:\/\/zjarr.tv\/en\/wp-json\/wp\/v2\/posts"}],"about":[{"href":"https:\/\/zjarr.tv\/en\/wp-json\/wp\/v2\/types\/post"}],"author":[{"embeddable":true,"href":"https:\/\/zjarr.tv\/en\/wp-json\/wp\/v2\/users\/2013"}],"replies":[{"embeddable":true,"href":"https:\/\/zjarr.tv\/en\/wp-json\/wp\/v2\/comments?post=71927"}],"version-history":[{"count":0,"href":"https:\/\/zjarr.tv\/en\/wp-json\/wp\/v2\/posts\/71927\/revisions"}],"wp:featuredmedia":[{"embeddable":true,"href":"https:\/\/zjarr.tv\/en\/wp-json\/wp\/v2\/media\/71929"}],"wp:attachment":[{"href":"https:\/\/zjarr.tv\/en\/wp-json\/wp\/v2\/media?parent=71927"}],"wp:term":[{"taxonomy":"category","embeddable":true,"href":"https:\/\/zjarr.tv\/en\/wp-json\/wp\/v2\/categories?post=71927"},{"taxonomy":"post_tag","embeddable":true,"href":"https:\/\/zjarr.tv\/en\/wp-json\/wp\/v2\/tags?post=71927"}],"curies":[{"name":"wp","href":"https:\/\/api.w.org\/{rel}","templated":true}]}}