{"id":72422,"date":"2019-03-05T10:43:23","date_gmt":"2019-03-05T09:43:23","guid":{"rendered":"https:\/\/zjarr.tv\/?p=72422"},"modified":"2019-03-05T10:43:23","modified_gmt":"2019-03-05T09:43:23","slug":"edi-rama-do-te-marre-pjese-ne-seance-kryeministri-me-eskorte-deri-tek-dera-parlamentit","status":"publish","type":"post","link":"https:\/\/zjarr.tv\/en\/edi-rama-do-te-marre-pjese-ne-seance-kryeministri-me-eskorte-deri-tek-dera-parlamentit\/","title":{"rendered":"Edi Rama do t\u00eb marr\u00eb pjes\u00eb n\u00eb seanc\u00eb, kryeministri me eskort\u00eb deri tek dera Parlamentit"},"content":{"rendered":"<p>Edi Rama do t\u00eb marr\u00eb pjes\u00eb n\u00eb seanc\u00ebn plenare e mbledhur p\u00ebr sot. Vet\u00ebm pak minuta m\u00eb par\u00eb eskorta e kryeministrit ka mb\u00ebrritur p\u00ebrpara Parlamentit. Ndryshe nga deputet\u00ebt e tjer\u00eb, kreu i qeveris\u00eb ka zgjedhur q\u00eb t\u00eb shkoj\u00eb deri tek dera e Parlamentit me makin\u00ebn e tij. Rama ka mb\u00ebrritur n\u00eb Kuvend, rreth 30 minuta p\u00ebrpara nisjes s\u00eb seanc\u00ebs dhe t\u00eb protest\u00ebs s\u00eb organizuar nga opozita.<img loading=\"lazy\" decoding=\"async\" src=\"http:\/\/ads.balkanweb.com\/www\/delivery\/lg.php?bannerid=0&amp;campaignid=0&amp;zoneid=530&amp;loc=http%3A%2F%2Fwww.gsh.al%2F2019%2F03%2F05%2Fedi-rama-te-marre-pjese-ne-seance-kryeministri-eskorte-deri-tek-dera-parlamentit%2F&amp;referer=http%3A%2F%2Fwww.gsh.al%2F&amp;cb=b37c43dcb2\" alt=\"\" width=\"0\" height=\"0\" \/><\/p>\n<p>&nbsp;<\/p>\n<p>&nbsp;<\/p>","protected":false},"excerpt":{"rendered":"<p>Edi Rama do t\u00eb marr\u00eb pjes\u00eb n\u00eb seanc\u00ebn plenare e mbledhur p\u00ebr sot. Vet\u00ebm pak minuta m\u00eb par\u00eb eskorta e kryeministrit ka mb\u00ebrritur p\u00ebrpara Parlamentit. Ndryshe nga deputet\u00ebt e tjer\u00eb, kreu i qeveris\u00eb ka zgjedhur q\u00eb t\u00eb shkoj\u00eb deri tek dera e Parlamentit me makin\u00ebn e tij. Rama ka mb\u00ebrritur n\u00eb Kuvend, rreth 30 minuta [&hellip;]<\/p>\n","protected":false},"author":4,"featured_media":72423,"comment_status":"open","ping_status":"closed","sticky":false,"template":"","format":"standard","meta":{"footnotes":""},"categories":[241,231,235],"tags":[],"class_list":{"0":"post-72422","1":"post","2":"type-post","3":"status-publish","4":"format-standard","5":"has-post-thumbnail","7":"category-aktualitet","8":"category-lajme","9":"category-vendi"},"_links":{"self":[{"href":"https:\/\/zjarr.tv\/en\/wp-json\/wp\/v2\/posts\/72422","targetHints":{"allow":["GET"]}}],"collection":[{"href":"https:\/\/zjarr.tv\/en\/wp-json\/wp\/v2\/posts"}],"about":[{"href":"https:\/\/zjarr.tv\/en\/wp-json\/wp\/v2\/types\/post"}],"author":[{"embeddable":true,"href":"https:\/\/zjarr.tv\/en\/wp-json\/wp\/v2\/users\/4"}],"replies":[{"embeddable":true,"href":"https:\/\/zjarr.tv\/en\/wp-json\/wp\/v2\/comments?post=72422"}],"version-history":[{"count":0,"href":"https:\/\/zjarr.tv\/en\/wp-json\/wp\/v2\/posts\/72422\/revisions"}],"wp:featuredmedia":[{"embeddable":true,"href":"https:\/\/zjarr.tv\/en\/wp-json\/wp\/v2\/media\/72423"}],"wp:attachment":[{"href":"https:\/\/zjarr.tv\/en\/wp-json\/wp\/v2\/media?parent=72422"}],"wp:term":[{"taxonomy":"category","embeddable":true,"href":"https:\/\/zjarr.tv\/en\/wp-json\/wp\/v2\/categories?post=72422"},{"taxonomy":"post_tag","embeddable":true,"href":"https:\/\/zjarr.tv\/en\/wp-json\/wp\/v2\/tags?post=72422"}],"curies":[{"name":"wp","href":"https:\/\/api.w.org\/{rel}","templated":true}]}}