{"id":72428,"date":"2019-03-05T11:00:21","date_gmt":"2019-03-05T10:00:21","guid":{"rendered":"https:\/\/zjarr.tv\/?p=72428"},"modified":"2019-03-05T11:00:21","modified_gmt":"2019-03-05T10:00:21","slug":"edi-rama-ja-mbath-nga-parlamenti","status":"publish","type":"post","link":"https:\/\/zjarr.tv\/en\/edi-rama-ja-mbath-nga-parlamenti\/","title":{"rendered":"Edi Rama ja mbath nga parlamenti"},"content":{"rendered":"<p>Pas rreth nj\u00eb ore brenda parlamentit dhe fjjalimit t\u00eb mbajtur n\u00eb nisje t\u00eb seanc\u00ebs kryeministri Edi Rama \u00ebsht\u00eb larguar nga Kuvendi, i shoq\u00ebruar nga eskorta e tij.<\/p>\n<p>Ashtu si\u00e7 e tha dhe vet\u00eb n\u00eb seanc\u00eb, ai do t\u00eb udh\u00ebtoj\u00eb drejt Italis\u00eb. Nd\u00ebrkoh\u00eb q\u00eb protesta e opozit\u00ebs vijon para parlamentit.<\/p>\n<p>Sapo ka mbaruar fjal\u00ebn e tij n\u00eb sall\u00ebn e parlamentit, Edi Rama ja ka mbathur.<\/p>\n<p>Ai ka dal\u00eb me t\u00eb shpejt\u00eb nga salla e parlamentit duke l\u00ebn\u00eb deputet\u00ebt aty.<\/p>\n<p>Eskorta e tij ka dal\u00eb po ashtu si u fut n\u00eb parlament, si hajdut<\/p>","protected":false},"excerpt":{"rendered":"<p>Pas rreth nj\u00eb ore brenda parlamentit dhe fjjalimit t\u00eb mbajtur n\u00eb nisje t\u00eb seanc\u00ebs kryeministri Edi Rama \u00ebsht\u00eb larguar nga Kuvendi, i shoq\u00ebruar nga eskorta e tij. Ashtu si\u00e7 e tha dhe vet\u00eb n\u00eb seanc\u00eb, ai do t\u00eb udh\u00ebtoj\u00eb drejt Italis\u00eb. Nd\u00ebrkoh\u00eb q\u00eb protesta e opozit\u00ebs vijon para parlamentit. Sapo ka mbaruar fjal\u00ebn e tij [&hellip;]<\/p>\n","protected":false},"author":2020,"featured_media":72423,"comment_status":"open","ping_status":"closed","sticky":false,"template":"","format":"standard","meta":{"footnotes":""},"categories":[241,231,235],"tags":[],"class_list":{"0":"post-72428","1":"post","2":"type-post","3":"status-publish","4":"format-standard","5":"has-post-thumbnail","7":"category-aktualitet","8":"category-lajme","9":"category-vendi"},"_links":{"self":[{"href":"https:\/\/zjarr.tv\/en\/wp-json\/wp\/v2\/posts\/72428","targetHints":{"allow":["GET"]}}],"collection":[{"href":"https:\/\/zjarr.tv\/en\/wp-json\/wp\/v2\/posts"}],"about":[{"href":"https:\/\/zjarr.tv\/en\/wp-json\/wp\/v2\/types\/post"}],"author":[{"embeddable":true,"href":"https:\/\/zjarr.tv\/en\/wp-json\/wp\/v2\/users\/2020"}],"replies":[{"embeddable":true,"href":"https:\/\/zjarr.tv\/en\/wp-json\/wp\/v2\/comments?post=72428"}],"version-history":[{"count":0,"href":"https:\/\/zjarr.tv\/en\/wp-json\/wp\/v2\/posts\/72428\/revisions"}],"wp:featuredmedia":[{"embeddable":true,"href":"https:\/\/zjarr.tv\/en\/wp-json\/wp\/v2\/media\/72423"}],"wp:attachment":[{"href":"https:\/\/zjarr.tv\/en\/wp-json\/wp\/v2\/media?parent=72428"}],"wp:term":[{"taxonomy":"category","embeddable":true,"href":"https:\/\/zjarr.tv\/en\/wp-json\/wp\/v2\/categories?post=72428"},{"taxonomy":"post_tag","embeddable":true,"href":"https:\/\/zjarr.tv\/en\/wp-json\/wp\/v2\/tags?post=72428"}],"curies":[{"name":"wp","href":"https:\/\/api.w.org\/{rel}","templated":true}]}}