{"id":72440,"date":"2019-03-05T11:27:23","date_gmt":"2019-03-05T10:27:23","guid":{"rendered":"https:\/\/zjarr.tv\/?p=72440"},"modified":"2019-03-05T11:27:23","modified_gmt":"2019-03-05T10:27:23","slug":"rudina-hajdari-nuk-pranoi-te-djege-mandatin-por-djali-i-azem-hajdarit-i-bashkohet-bashes","status":"publish","type":"post","link":"https:\/\/zjarr.tv\/en\/rudina-hajdari-nuk-pranoi-te-djege-mandatin-por-djali-i-azem-hajdarit-i-bashkohet-bashes\/","title":{"rendered":"Rudina Hajdari nuk pranoi t\u00eb djeg\u00eb mandatin, por djali i Azem Hajdarit i bashkohet Bash\u00ebs"},"content":{"rendered":"<p style=\"line-height: 19.5pt;background: white;margin: 0in 0in 19.5pt 0in\"><span style=\"color: #222222\">Deputetja e PD Rudina Hajdari vendosi mos djeg\u00eb mandatin si deputete duke zgjedhur rrug\u00ebn Parlamentare.<\/span><\/p>\n<p style=\"line-height: 19.5pt;background: white;text-align: start;margin: 0in 0in 19.5pt 0in\"><span style=\"color: #222222\">Por n\u00eb k\u00ebt\u00eb pik\u00eb, duket se ndahet me v\u00ebllain e saj Kiri Hajdarin i cili mendon se beteja duhet b\u00ebr\u00eb n\u00eb rrug\u00eb me protestuesit.<\/span><\/p>\n<p style=\"line-height: 19.5pt;background: white;text-align: start;margin: 0in 0in 19.5pt 0in\"><span style=\"color: #222222\">Kiri Hajdari ka zgjedhur t\u00eb b\u00ebj\u00eb nj\u00eb gjest tjet\u00ebr. Ai po proteston n\u00eb m\u00ebnyr\u00eb t\u00ebr\u00ebsisht t\u00eb dukshme e publike.<\/span><\/p>\n<p style=\"line-height: 19.5pt;background: white;text-align: start;margin: 0in 0in 19.5pt 0in\"><span style=\"color: #222222\">Djali i Azem Hajdari ka dal\u00eb n\u00eb ball\u00eb t\u00eb protest\u00ebs, krah liderit Lulzim Basha ku \u00ebsht\u00eb e pamundur q\u00eb kamerat mos fokusohen. Duket se Rudina Hajdari dhe v\u00ebllai i saj nuk ndajn\u00eb t\u00eb nj\u00ebjtin q\u00ebndrim sa i takon politik\u00ebs dhe rrug\u00ebs s\u00eb demokracis\u00eb q\u00eb shtroi i ati i tyre i ndjer\u00eb, Azem Hajdari.<\/span><\/p>","protected":false},"excerpt":{"rendered":"<p>Deputetja e PD Rudina Hajdari vendosi mos djeg\u00eb mandatin si deputete duke zgjedhur rrug\u00ebn Parlamentare. Por n\u00eb k\u00ebt\u00eb pik\u00eb, duket se ndahet me v\u00ebllain e saj Kiri Hajdarin i cili mendon se beteja duhet b\u00ebr\u00eb n\u00eb rrug\u00eb me protestuesit. Kiri Hajdari ka zgjedhur t\u00eb b\u00ebj\u00eb nj\u00eb gjest tjet\u00ebr. Ai po proteston n\u00eb m\u00ebnyr\u00eb t\u00ebr\u00ebsisht t\u00eb [&hellip;]<\/p>\n","protected":false},"author":2020,"featured_media":72441,"comment_status":"open","ping_status":"closed","sticky":false,"template":"","format":"standard","meta":{"footnotes":""},"categories":[241,231,235],"tags":[],"class_list":{"0":"post-72440","1":"post","2":"type-post","3":"status-publish","4":"format-standard","5":"has-post-thumbnail","7":"category-aktualitet","8":"category-lajme","9":"category-vendi"},"_links":{"self":[{"href":"https:\/\/zjarr.tv\/en\/wp-json\/wp\/v2\/posts\/72440","targetHints":{"allow":["GET"]}}],"collection":[{"href":"https:\/\/zjarr.tv\/en\/wp-json\/wp\/v2\/posts"}],"about":[{"href":"https:\/\/zjarr.tv\/en\/wp-json\/wp\/v2\/types\/post"}],"author":[{"embeddable":true,"href":"https:\/\/zjarr.tv\/en\/wp-json\/wp\/v2\/users\/2020"}],"replies":[{"embeddable":true,"href":"https:\/\/zjarr.tv\/en\/wp-json\/wp\/v2\/comments?post=72440"}],"version-history":[{"count":0,"href":"https:\/\/zjarr.tv\/en\/wp-json\/wp\/v2\/posts\/72440\/revisions"}],"wp:featuredmedia":[{"embeddable":true,"href":"https:\/\/zjarr.tv\/en\/wp-json\/wp\/v2\/media\/72441"}],"wp:attachment":[{"href":"https:\/\/zjarr.tv\/en\/wp-json\/wp\/v2\/media?parent=72440"}],"wp:term":[{"taxonomy":"category","embeddable":true,"href":"https:\/\/zjarr.tv\/en\/wp-json\/wp\/v2\/categories?post=72440"},{"taxonomy":"post_tag","embeddable":true,"href":"https:\/\/zjarr.tv\/en\/wp-json\/wp\/v2\/tags?post=72440"}],"curies":[{"name":"wp","href":"https:\/\/api.w.org\/{rel}","templated":true}]}}