{"id":72450,"date":"2019-03-05T12:13:23","date_gmt":"2019-03-05T11:13:23","guid":{"rendered":"https:\/\/zjarr.tv\/?p=72450"},"modified":"2019-03-05T12:14:04","modified_gmt":"2019-03-05T11:14:04","slug":"protestat-ne-tirane-pe-mbledhje-urgjente-pritet-konferenca-per-shtyp","status":"publish","type":"post","link":"https:\/\/zjarr.tv\/en\/protestat-ne-tirane-pe-mbledhje-urgjente-pritet-konferenca-per-shtyp\/","title":{"rendered":"Protestat n\u00eb Tiran\u00eb\/ PE mbledhje urgjente, pritet konferenca p\u00ebr shtyp"},"content":{"rendered":"<p>Ka nisur dit\u00ebn e sotme protesta e thirrur nga opozita p\u00ebrpara Parlamentit. Duket se situata politike n\u00eb vendin ton\u00eb ka \u00e7uar n\u00eb nj\u00eb seanc\u00eb urgjente me dyer t\u00eb mbyllura n\u00eb Komisionin p\u00ebr Politik\u00eb t\u00eb Jashtme t\u00eb Parlamentit Europian. Do t\u00eb jet\u00eb David McAllister ai q\u00eb do t\u00eb drejtoj\u00eb k\u00ebt\u00eb mbledhje dhe fill pas seanc\u00ebs do t\u00eb ket\u00eb edhe nj\u00eb deklarat\u00eb p\u00ebr Shqip\u00ebrin\u00eb. Ky takim n\u00eb PE vjen vet\u00ebm disa dit\u00eb m\u00eb pas, nga takimet e delegacionit t\u00eb PE me lider\u00ebt e opozit\u00ebs n\u00eb vendin ton\u00eb. Kujtojm\u00eb se David McAllister \u00ebsht\u00eb personi q\u00eb rreth dy vite m\u00eb par\u00eb, mb\u00ebrriti n\u00eb Tiran\u00eb, p\u00ebr t\u00eb zgjidhur kriz\u00ebn politike pak para zgjedhjeve t\u00eb 2017.<img loading=\"lazy\" decoding=\"async\" src=\"http:\/\/ads.balkanweb.com\/www\/delivery\/lg.php?bannerid=0&amp;campaignid=0&amp;zoneid=530&amp;loc=http%3A%2F%2Fwww.gsh.al%2F2019%2F03%2F05%2Fprotestat-ne-tirane-pe-mbledhje-urgjente-pritet-konferenca-per-shtyp%2F&amp;referer=http%3A%2F%2Fwww.gsh.al%2F&amp;cb=f554f4e49e\" alt=\"\" width=\"0\" height=\"0\" \/><\/p>\n<p>&nbsp;<\/p>","protected":false},"excerpt":{"rendered":"<p>Ka nisur dit\u00ebn e sotme protesta e thirrur nga opozita p\u00ebrpara Parlamentit. Duket se situata politike n\u00eb vendin ton\u00eb ka \u00e7uar n\u00eb nj\u00eb seanc\u00eb urgjente me dyer t\u00eb mbyllura n\u00eb Komisionin p\u00ebr Politik\u00eb t\u00eb Jashtme t\u00eb Parlamentit Europian. Do t\u00eb jet\u00eb David McAllister ai q\u00eb do t\u00eb drejtoj\u00eb k\u00ebt\u00eb mbledhje dhe fill pas seanc\u00ebs do [&hellip;]<\/p>\n","protected":false},"author":4,"featured_media":72426,"comment_status":"open","ping_status":"closed","sticky":false,"template":"","format":"standard","meta":{"footnotes":""},"categories":[241,231,235],"tags":[],"class_list":{"0":"post-72450","1":"post","2":"type-post","3":"status-publish","4":"format-standard","5":"has-post-thumbnail","7":"category-aktualitet","8":"category-lajme","9":"category-vendi"},"_links":{"self":[{"href":"https:\/\/zjarr.tv\/en\/wp-json\/wp\/v2\/posts\/72450","targetHints":{"allow":["GET"]}}],"collection":[{"href":"https:\/\/zjarr.tv\/en\/wp-json\/wp\/v2\/posts"}],"about":[{"href":"https:\/\/zjarr.tv\/en\/wp-json\/wp\/v2\/types\/post"}],"author":[{"embeddable":true,"href":"https:\/\/zjarr.tv\/en\/wp-json\/wp\/v2\/users\/4"}],"replies":[{"embeddable":true,"href":"https:\/\/zjarr.tv\/en\/wp-json\/wp\/v2\/comments?post=72450"}],"version-history":[{"count":0,"href":"https:\/\/zjarr.tv\/en\/wp-json\/wp\/v2\/posts\/72450\/revisions"}],"wp:featuredmedia":[{"embeddable":true,"href":"https:\/\/zjarr.tv\/en\/wp-json\/wp\/v2\/media\/72426"}],"wp:attachment":[{"href":"https:\/\/zjarr.tv\/en\/wp-json\/wp\/v2\/media?parent=72450"}],"wp:term":[{"taxonomy":"category","embeddable":true,"href":"https:\/\/zjarr.tv\/en\/wp-json\/wp\/v2\/categories?post=72450"},{"taxonomy":"post_tag","embeddable":true,"href":"https:\/\/zjarr.tv\/en\/wp-json\/wp\/v2\/tags?post=72450"}],"curies":[{"name":"wp","href":"https:\/\/api.w.org\/{rel}","templated":true}]}}