{"id":72463,"date":"2019-03-05T13:29:41","date_gmt":"2019-03-05T12:29:41","guid":{"rendered":"https:\/\/zjarr.tv\/?p=72463"},"modified":"2019-03-05T13:29:41","modified_gmt":"2019-03-05T12:29:41","slug":"fletarrest-nderkombetar-per-gruevskin","status":"publish","type":"post","link":"https:\/\/zjarr.tv\/en\/fletarrest-nderkombetar-per-gruevskin\/","title":{"rendered":"Fletarrest nd\u00ebrkomb\u00ebtar p\u00ebr Gruevskin"},"content":{"rendered":"<p><em>Prokuroria maqedonase njoftoi t\u00eb h\u00ebn\u00ebn se p\u00ebr ish-kryeministrin Nikola Gruevski dhe nj\u00eb ish-agjent t\u00eb sigurimit n\u00eb Maqedonin\u00eb e Veriut jan\u00eb l\u00ebshuar urdh\u00ebr-arreste nd\u00ebrkomb\u00ebtare me rastin e ngjarjeve t\u00eb dhunshme t\u00eb 27 prillit n\u00eb parlament. Ky \u00ebsht\u00eb urdhri i dyt\u00eb q\u00eb l\u00ebshohet ndaj ish-kryeministrit Gruevski, pas atij t\u00eb l\u00ebshuar n\u00eb muajin n\u00ebntor p\u00ebr akuz\u00ebn e shp\u00ebrdorimit t\u00eb fondeve publike, pas arratisjes s\u00eb tij drejt Hungaris\u00eb.<\/em><\/p>\n<p>Prokuror\u00ebt maqedonas kan\u00eb k\u00ebrkuar zyrtarisht l\u00ebshimin e flet\u00eb-arresteve nd\u00ebrkomb\u00ebtare p\u00ebr ish-kryeministrin Nikola Gruevski dhe nj\u00eb ish-agjent t\u00eb Sigurimit t\u00eb dyshuar p\u00ebr ngjarjet n\u00eb parlament n\u00eb prill t\u00eb vitit 2017. Prokuroria p\u00ebr krimin e organizuar dhe korrupsionin deklaroi se ndaj dy ish-zyrtar\u00ebve \u00ebsht\u00eb dor\u00ebzuar paraprakisht masa e paraburgimit prej 30 dit\u00ebsh pran\u00eb Ministris\u00eb s\u00eb Brendshme. Gruevski prej muajsh jeton n\u00eb arrati, nd\u00ebrsa ish-pjes\u00ebtari i Drejtoris\u00eb p\u00ebr Siguri dhe Kund\u00ebrzbulim, Nikola Boshkovski, \u00ebsht\u00eb larguar drejt Greqis\u00eb disa muaj m\u00eb par\u00eb.<\/p>\n<p>Kreu i m\u00ebparsh\u00ebm i qeveris\u00eb maqedonase, por edhe Boshkovski, p\u00ebrballeshin m\u00eb her\u00ebt me akuz\u00ebn e p\u00ebrgjimit t\u00eb m\u00eb shum\u00eb se 20 mij\u00eb shtetasve apo zyrtar\u00ebve maqedonas, skandal i cili nxiti edhe dor\u00ebheqjen e Gruevskit n\u00eb vitin 2016. Ish-kryetari i VMRO n\u00eb muajin n\u00ebntor pritej gjithashtu t\u00eb fillonte d\u00ebnimin me dy vite burg p\u00ebr nj\u00eb rast korrupsioni dhe shp\u00ebrdorimi t\u00eb fondeve publike, por p\u00ebrmes rrug\u00ebve diplomatike ka arritur t\u00eb strehohet n\u00eb Hungari me statusin e azilantit politik. K\u00ebrkesat formale p\u00ebr ekstradimin e Gruevskit nuk kan\u00eb pasur sukses, nd\u00ebrsa n\u00eb fundmuajin e kaluar policia hungareze i dha fund hetimeve rreth mb\u00ebrritjes s\u00eb ish-qeveritarit n\u00eb vend, duke shtuar se asnj\u00ebra pal\u00eb nuk kishte shkelur ligjet n\u00eb fuqi. N\u00eb radarin e prokuroris\u00eb maqedonase jan\u00eb kapur edhe ish-kreu i Kuvendit, Trajko Veljanovski, s\u00eb bashku me dy ish-Ministra t\u00eb tjer\u00eb, po ashtu t\u00eb akuzuar p\u00ebr dhun\u00ebn n\u00eb parlament n\u00eb vitin 2017.<\/p>\n<p>K\u00ebta t\u00eb fundit gjenden n\u00eb paraburgim, nd\u00ebrkoh\u00eb q\u00eb ish-kryeparlamentari Veljanovski, tashm\u00eb edhe deputet, i ka shp\u00ebtuar mas\u00ebs nd\u00ebshkimore p\u00ebrmes imunitetit politik.<\/p>\n<p>&nbsp;<\/p>","protected":false},"excerpt":{"rendered":"<p>Prokuroria maqedonase njoftoi t\u00eb h\u00ebn\u00ebn se p\u00ebr ish-kryeministrin Nikola Gruevski dhe nj\u00eb ish-agjent t\u00eb sigurimit n\u00eb Maqedonin\u00eb e Veriut jan\u00eb l\u00ebshuar urdh\u00ebr-arreste nd\u00ebrkomb\u00ebtare me rastin e ngjarjeve t\u00eb dhunshme t\u00eb 27 prillit n\u00eb parlament. Ky \u00ebsht\u00eb urdhri i dyt\u00eb q\u00eb l\u00ebshohet ndaj ish-kryeministrit Gruevski, pas atij t\u00eb l\u00ebshuar n\u00eb muajin n\u00ebntor p\u00ebr akuz\u00ebn e shp\u00ebrdorimit [&hellip;]<\/p>\n","protected":false},"author":2013,"featured_media":51710,"comment_status":"open","ping_status":"closed","sticky":false,"template":"","format":"standard","meta":{"footnotes":""},"categories":[241,2],"tags":[],"class_list":{"0":"post-72463","1":"post","2":"type-post","3":"status-publish","4":"format-standard","5":"has-post-thumbnail","7":"category-aktualitet","8":"category-rajoni"},"_links":{"self":[{"href":"https:\/\/zjarr.tv\/en\/wp-json\/wp\/v2\/posts\/72463","targetHints":{"allow":["GET"]}}],"collection":[{"href":"https:\/\/zjarr.tv\/en\/wp-json\/wp\/v2\/posts"}],"about":[{"href":"https:\/\/zjarr.tv\/en\/wp-json\/wp\/v2\/types\/post"}],"author":[{"embeddable":true,"href":"https:\/\/zjarr.tv\/en\/wp-json\/wp\/v2\/users\/2013"}],"replies":[{"embeddable":true,"href":"https:\/\/zjarr.tv\/en\/wp-json\/wp\/v2\/comments?post=72463"}],"version-history":[{"count":0,"href":"https:\/\/zjarr.tv\/en\/wp-json\/wp\/v2\/posts\/72463\/revisions"}],"wp:featuredmedia":[{"embeddable":true,"href":"https:\/\/zjarr.tv\/en\/wp-json\/wp\/v2\/media\/51710"}],"wp:attachment":[{"href":"https:\/\/zjarr.tv\/en\/wp-json\/wp\/v2\/media?parent=72463"}],"wp:term":[{"taxonomy":"category","embeddable":true,"href":"https:\/\/zjarr.tv\/en\/wp-json\/wp\/v2\/categories?post=72463"},{"taxonomy":"post_tag","embeddable":true,"href":"https:\/\/zjarr.tv\/en\/wp-json\/wp\/v2\/tags?post=72463"}],"curies":[{"name":"wp","href":"https:\/\/api.w.org\/{rel}","templated":true}]}}