{"id":72465,"date":"2019-03-05T13:32:31","date_gmt":"2019-03-05T12:32:31","guid":{"rendered":"https:\/\/zjarr.tv\/?p=72465"},"modified":"2019-03-05T13:32:31","modified_gmt":"2019-03-05T12:32:31","slug":"zevendes-sekretari-amerikan-i-shtetit-viziton-kosoven-me-9-mars","status":"publish","type":"post","link":"https:\/\/zjarr.tv\/en\/zevendes-sekretari-amerikan-i-shtetit-viziton-kosoven-me-9-mars\/","title":{"rendered":"Z\u00ebvend\u00ebs\/sekretari amerikan i Shtetit viziton Kosov\u00ebn m\u00eb 9 mars"},"content":{"rendered":"<p>Z\u00ebvend\u00ebs Sekretari amerikan i Shtetit, David Hale, do t\u00eb q\u00ebndroj\u00eb m\u00eb 8 dhe 9 mars n\u00eb Beograd dhe n\u00eb Prishtin\u00eb p\u00ebr t\u00eb nxitur te dyja pal\u00ebt q\u00eb t\u00eb ulen n\u00eb tryez\u00ebn e bisedimeve p\u00ebr t\u00eb arritur nj\u00eb marr\u00ebveshje p\u00ebr normalizimin e marr\u00ebdh\u00ebnieve.<\/p>\n<p>N\u00eb nj\u00eb njoftim t\u00eb departamentit amerikan t\u00eb shtetit, thuhet se \u201c<em>n\u00eb Beograd ai do t\u00eb bisedoj\u00eb me zyrtar\u00ebt serb\u00eb marr\u00ebdh\u00ebniet dypal\u00ebshe dhe do t\u00eb nxis kthimin n\u00eb tryez\u00ebn e bisedimeve p\u00ebr normalizimin e marr\u00ebdh\u00ebnieve me Kosov\u00ebn. Ai do t\u00eb diskutoje edhe me drejtuesit e shoq\u00ebris\u00eb civile p\u00ebr \u00e7\u00ebshtje rajonale e globale, p\u00ebrfshir\u00eb ndikimin rus dhe kinez n\u00eb Ballkanin Per\u00ebndimor\u00eb<\/em>\u201d.<\/p>\n<p>M\u00eb pas m\u00eb 9 mars n\u00eb Prishtin\u00eb, ai do t\u00eb takoj\u00eb udh\u00ebheq\u00ebsit e lart\u00eb t\u00eb Kosov\u00ebs \u201c<em>p\u00ebr t\u00eb n\u00ebnvizuar mund\u00ebsin\u00eb historike p\u00ebr t\u00eb arritur nj\u00eb marr\u00ebveshje t\u00eb plot\u00eb t\u00eb normalizimit t\u00eb marr\u00ebdh\u00ebnieve me Serbin\u00eb dhe p\u00ebr t\u00eb k\u00ebrkuar masa p\u00ebr t\u00eb arritur nj\u00eb zgjidhje<\/em>\u201d.<\/p>\n<p>Zoti Hale i cili m\u00eb par\u00eb q\u00ebndron n\u00eb Lond\u00ebr dhe n\u00eb Ukrain\u00eb, \u00ebsht\u00eb zyrtari m\u00eb i lart\u00eb amerikan q\u00eb koh\u00ebt e fundit viziton Kosov\u00ebn p\u00ebr t\u00eb nxitur autoritetet q\u00eb t\u00eb hapin rrug\u00ebn p\u00ebr vazhdimin e bisedimeve me Serbin\u00eb, t\u00eb cilat jan\u00eb pezulluar p\u00ebr shkak t\u00eb kusht\u00ebzimit t\u00eb tyre nga Beogradi me pezullimin e tarifave ndaj mallrave serbe, q\u00eb u vendos\u00ebn nga qeveria e Kosov\u00ebs n\u00eb n\u00ebntor t\u00eb vitit t\u00eb kaluar.<\/p>\n<p>Jav\u00ebn q\u00eb lam\u00eb pas, dy zyrtar\u00eb t\u00eb lart\u00eb t\u00eb K\u00ebshillit Komb\u00ebtar t\u00eb Siguris\u00eb,\u00a0q\u00ebndruan p\u00ebr dy dit\u00eb n\u00eb Kosov\u00eb p\u00ebr t\u00eb siguruar pezullimin e tarifave nd\u00ebrsa paralajm\u00ebruan shtimin masave nd\u00ebshkuese n\u00ebse Kosova vazhdon t\u00eb refuzoj\u00eb k\u00ebrkesat e tilla.<\/p>\n<p>K\u00ebrkesat amerikan\u00eb kan\u00eb nxitur p\u00ebrplasje t\u00eb brendshme n\u00eb Kosov\u00eb\u00a0nd\u00ebrmjet atyre q\u00eb ngulin k\u00ebmb\u00eb t\u00eb d\u00ebgjohen k\u00ebshillat amerikane dhe atyre q\u00eb pohojn\u00eb se tarifat duhet t\u00eb pezullohen vet\u00ebm me garanci p\u00ebr p\u00ebrfundimin e bisedimeve me Serbin\u00eb me njohje t\u00eb nd\u00ebrsjell\u00eb.<\/p>\n<p>&nbsp;<\/p>","protected":false},"excerpt":{"rendered":"<p>Z\u00ebvend\u00ebs Sekretari amerikan i Shtetit, David Hale, do t\u00eb q\u00ebndroj\u00eb m\u00eb 8 dhe 9 mars n\u00eb Beograd dhe n\u00eb Prishtin\u00eb p\u00ebr t\u00eb nxitur te dyja pal\u00ebt q\u00eb t\u00eb ulen n\u00eb tryez\u00ebn e bisedimeve p\u00ebr t\u00eb arritur nj\u00eb marr\u00ebveshje p\u00ebr normalizimin e marr\u00ebdh\u00ebnieve. N\u00eb nj\u00eb njoftim t\u00eb departamentit amerikan t\u00eb shtetit, thuhet se \u201cn\u00eb Beograd ai [&hellip;]<\/p>\n","protected":false},"author":2013,"featured_media":72466,"comment_status":"open","ping_status":"closed","sticky":false,"template":"","format":"standard","meta":{"footnotes":""},"categories":[241,2],"tags":[],"class_list":{"0":"post-72465","1":"post","2":"type-post","3":"status-publish","4":"format-standard","5":"has-post-thumbnail","7":"category-aktualitet","8":"category-rajoni"},"_links":{"self":[{"href":"https:\/\/zjarr.tv\/en\/wp-json\/wp\/v2\/posts\/72465","targetHints":{"allow":["GET"]}}],"collection":[{"href":"https:\/\/zjarr.tv\/en\/wp-json\/wp\/v2\/posts"}],"about":[{"href":"https:\/\/zjarr.tv\/en\/wp-json\/wp\/v2\/types\/post"}],"author":[{"embeddable":true,"href":"https:\/\/zjarr.tv\/en\/wp-json\/wp\/v2\/users\/2013"}],"replies":[{"embeddable":true,"href":"https:\/\/zjarr.tv\/en\/wp-json\/wp\/v2\/comments?post=72465"}],"version-history":[{"count":0,"href":"https:\/\/zjarr.tv\/en\/wp-json\/wp\/v2\/posts\/72465\/revisions"}],"wp:featuredmedia":[{"embeddable":true,"href":"https:\/\/zjarr.tv\/en\/wp-json\/wp\/v2\/media\/72466"}],"wp:attachment":[{"href":"https:\/\/zjarr.tv\/en\/wp-json\/wp\/v2\/media?parent=72465"}],"wp:term":[{"taxonomy":"category","embeddable":true,"href":"https:\/\/zjarr.tv\/en\/wp-json\/wp\/v2\/categories?post=72465"},{"taxonomy":"post_tag","embeddable":true,"href":"https:\/\/zjarr.tv\/en\/wp-json\/wp\/v2\/tags?post=72465"}],"curies":[{"name":"wp","href":"https:\/\/api.w.org\/{rel}","templated":true}]}}