{"id":72661,"date":"2019-03-06T13:08:16","date_gmt":"2019-03-06T12:08:16","guid":{"rendered":"https:\/\/zjarr.tv\/?p=72661"},"modified":"2019-03-06T13:08:16","modified_gmt":"2019-03-06T12:08:16","slug":"basha-dialogu-im-me-ramen-provoi-se-ishte-i-demshem-per-vendin","status":"publish","type":"post","link":"https:\/\/zjarr.tv\/en\/basha-dialogu-im-me-ramen-provoi-se-ishte-i-demshem-per-vendin\/","title":{"rendered":"Basha: Dialogu im me Ram\u00ebn provoi se ishte i d\u00ebmsh\u00ebm p\u00ebr vendin"},"content":{"rendered":"<p style=\"line-height: 24.0pt;margin: 0in 0in 22.5pt 0in\"><span style=\"color: #18191a\">Gjat\u00eb nj\u00eb prononcimi p\u00ebr gazetar\u00ebt jasht\u00eb selis\u00eb s\u00eb PD, Lulzim Basha u pyet p\u00ebr ftes\u00ebn e Ram\u00ebs p\u00ebr dialog p\u00ebr t\u00eb zgjidhur ng\u00ebr\u00e7in politik.<\/span><\/p>\n<p style=\"line-height: 24.0pt;text-align: start;margin: 0in 0in 22.5pt 0in\"><span style=\"color: #18191a\">Duke iu referuar marr\u00ebveshjes s\u00eb 17 Majit, Basha tha se dialogu i tij me Ramen provoi se ishte i d\u00ebmsh\u00ebm p\u00ebr vendin.<\/span><\/p>\n<p style=\"line-height: 24.0pt;margin: 0in 0in 22.5pt 0in\"><span style=\"color: #18191a\">\u201cDialogu midis meje dhe Rames provoi t\u00eb ishte i d\u00ebmsh\u00ebm p\u00ebr interesat e Shqip\u00ebris\u00eb p\u00ebr m\u00ebnyr\u00ebn si u keqp\u00ebrdor nga nj\u00eb njeri q\u00eb hiqet si kryetar i PS,\u00a0por \u00ebsht\u00eb reduktuar n\u00eb nj\u00eb bashk\u00ebpun\u00ebtor t\u00eb krimit t\u00eb organizuar dhe t\u00eb oligark\u00ebve grabitqar\u00eb q\u00eb d\u00ebmtojn\u00eb interesat e shqiptar\u00ebve, d\u00ebmtojn\u00eb dhe interesat e socialist\u00ebve, d\u00ebmtojn\u00eb dhe interesat e demokracis\u00eb\u201d- tha Basha.<\/span><\/p>\n<p style=\"line-height: 24.0pt;text-align: start;margin: 0in 0in 22.5pt 0in\"><span style=\"color: #18191a\">I pyetur p\u00ebr takimin me zv.ambasadoren amerikane, Basha ka th\u00ebn\u00eb se nuk komenton as deklaratat dhe as takimet me p\u00ebrfaq\u00ebsues t\u00eb partnereve strategjike.<\/span><\/p>\n<p style=\"line-height: 24.0pt;text-align: start;margin: 0in 0in 22.5pt 0in\"><span style=\"color: #18191a\">\u201cOpozita nuk ka asnj\u00eb hap pas, n\u00eb luft\u00ebn kund\u00ebr krimit q\u00eb ka asgj\u00ebsuar zgjedhjet ka vet\u00ebm hapa p\u00ebrpara\u201d- tha Basha.<\/span><\/p>","protected":false},"excerpt":{"rendered":"<p>Gjat\u00eb nj\u00eb prononcimi p\u00ebr gazetar\u00ebt jasht\u00eb selis\u00eb s\u00eb PD, Lulzim Basha u pyet p\u00ebr ftes\u00ebn e Ram\u00ebs p\u00ebr dialog p\u00ebr t\u00eb zgjidhur ng\u00ebr\u00e7in politik. Duke iu referuar marr\u00ebveshjes s\u00eb 17 Majit, Basha tha se dialogu i tij me Ramen provoi se ishte i d\u00ebmsh\u00ebm p\u00ebr vendin. \u201cDialogu midis meje dhe Rames provoi t\u00eb ishte i [&hellip;]<\/p>\n","protected":false},"author":4,"featured_media":72664,"comment_status":"open","ping_status":"closed","sticky":false,"template":"","format":"standard","meta":{"footnotes":""},"categories":[241,231,235],"tags":[],"class_list":{"0":"post-72661","1":"post","2":"type-post","3":"status-publish","4":"format-standard","5":"has-post-thumbnail","7":"category-aktualitet","8":"category-lajme","9":"category-vendi"},"_links":{"self":[{"href":"https:\/\/zjarr.tv\/en\/wp-json\/wp\/v2\/posts\/72661","targetHints":{"allow":["GET"]}}],"collection":[{"href":"https:\/\/zjarr.tv\/en\/wp-json\/wp\/v2\/posts"}],"about":[{"href":"https:\/\/zjarr.tv\/en\/wp-json\/wp\/v2\/types\/post"}],"author":[{"embeddable":true,"href":"https:\/\/zjarr.tv\/en\/wp-json\/wp\/v2\/users\/4"}],"replies":[{"embeddable":true,"href":"https:\/\/zjarr.tv\/en\/wp-json\/wp\/v2\/comments?post=72661"}],"version-history":[{"count":0,"href":"https:\/\/zjarr.tv\/en\/wp-json\/wp\/v2\/posts\/72661\/revisions"}],"wp:featuredmedia":[{"embeddable":true,"href":"https:\/\/zjarr.tv\/en\/wp-json\/wp\/v2\/media\/72664"}],"wp:attachment":[{"href":"https:\/\/zjarr.tv\/en\/wp-json\/wp\/v2\/media?parent=72661"}],"wp:term":[{"taxonomy":"category","embeddable":true,"href":"https:\/\/zjarr.tv\/en\/wp-json\/wp\/v2\/categories?post=72661"},{"taxonomy":"post_tag","embeddable":true,"href":"https:\/\/zjarr.tv\/en\/wp-json\/wp\/v2\/tags?post=72661"}],"curies":[{"name":"wp","href":"https:\/\/api.w.org\/{rel}","templated":true}]}}