{"id":72687,"date":"2019-03-06T13:40:44","date_gmt":"2019-03-06T12:40:44","guid":{"rendered":"https:\/\/zjarr.tv\/?p=72687"},"modified":"2019-03-06T13:40:44","modified_gmt":"2019-03-06T12:40:44","slug":"scaparrotti-ballkani-kercenohet-nga-ndikimi-rus","status":"publish","type":"post","link":"https:\/\/zjarr.tv\/en\/scaparrotti-ballkani-kercenohet-nga-ndikimi-rus\/","title":{"rendered":"Scaparrotti: Ballkani k\u00ebrc\u00ebnohet nga ndikimi rus"},"content":{"rendered":"<p>Vendet e Ballkanit jan\u00eb sh\u00ebnjestra kryesore t\u00eb ndikimit malinj t\u00eb Rusis\u00eb dhe situata e siguris\u00eb n\u00eb Ballkan \u00ebsht\u00eb shum\u00eb e brisht\u00eb. Paralajm\u00ebrimi \u00ebsht\u00eb bere nga komandanti i forcave t\u00eb SHBA-s\u00eb n\u00eb Evrop\u00eb Curtis M. Scaparrotti, gjat\u00eb nj\u00eb d\u00ebshmie para komitetit p\u00ebr Forca t\u00eb Armatosura t\u00eb Senatit Amerikan.<\/p>\n<p>Gjenerali e konsideron Ballkanin nj\u00eb rajon me r\u00ebnd\u00ebsi strategjike duke th\u00ebn\u00eb se po ashtu Rusia \u00ebsht\u00eb konkurrent afatgjat\u00eb q\u00eb i sheh Shtetet e Bashkuara dhe Aleanc\u00ebn e NATO-s si k\u00ebrc\u00ebnim p\u00ebr ambiciet gjeopolitike.<\/p>\n<p>\u201cNegociatat nd\u00ebrmjet Kosov\u00ebs dhe Serbis\u00eb p\u00ebr normalizimin e raporteve dhe arritjen e nj\u00eb zgjidhje afatgjate q\u00eb \u00ebsht\u00eb e zbatueshme p\u00ebr dyja vendet jan\u00eb aktualisht n\u00eb pritje. Rusia e ushqen paq\u00ebndrueshm\u00ebrin\u00eb rajonale n\u00eb p\u00ebrpjekje p\u00ebr t\u00eb parandaluar vendet e Ballkanit n\u00eb p\u00ebrparimin e tyre drejt integrimit euroatlantik. Moska synon t\u00eb shtrij\u00eb ndikimin n\u00eb vendet periferike t\u00eb saj, p\u00ebr t\u00eb minuar solidaritetin e NATO-s dhe p\u00ebr t\u00eb shkelur rregullat n\u00eb t\u00eb cilat bazohet rendi nd\u00ebrkomb\u00ebtar.\u2019<\/p>\n<p><strong>\u00a0<\/strong>Gjenerali amerikan shtoi se forcat e NATOS n\u00eb Kosov\u00eb jan\u00eb faktor sigurie dhe stabiliteti n\u00eb rajon.<\/p>\n<p>\u201cForca e NATO-s n\u00eb Kosov\u00eb, KFOR , e cila p\u00ebrfshin mbi 3,500 trupa nga vendet an\u00ebtare t\u00eb NATO-s dhe vendet tjera, luan nj\u00eb rol t\u00eb r\u00ebnd\u00ebsish\u00ebm n\u00eb ruajtjen e siguris\u00eb dhe stabilitetit n\u00eb k\u00ebt\u00eb rajon.\u201d<\/p>\n<p>&nbsp;<\/p>","protected":false},"excerpt":{"rendered":"<p>Vendet e Ballkanit jan\u00eb sh\u00ebnjestra kryesore t\u00eb ndikimit malinj t\u00eb Rusis\u00eb dhe situata e siguris\u00eb n\u00eb Ballkan \u00ebsht\u00eb shum\u00eb e brisht\u00eb. Paralajm\u00ebrimi \u00ebsht\u00eb bere nga komandanti i forcave t\u00eb SHBA-s\u00eb n\u00eb Evrop\u00eb Curtis M. Scaparrotti, gjat\u00eb nj\u00eb d\u00ebshmie para komitetit p\u00ebr Forca t\u00eb Armatosura t\u00eb Senatit Amerikan. Gjenerali e konsideron Ballkanin nj\u00eb rajon me r\u00ebnd\u00ebsi [&hellip;]<\/p>\n","protected":false},"author":2013,"featured_media":72625,"comment_status":"open","ping_status":"closed","sticky":false,"template":"","format":"standard","meta":{"footnotes":""},"categories":[241,191],"tags":[],"class_list":{"0":"post-72687","1":"post","2":"type-post","3":"status-publish","4":"format-standard","5":"has-post-thumbnail","7":"category-aktualitet","8":"category-bota"},"_links":{"self":[{"href":"https:\/\/zjarr.tv\/en\/wp-json\/wp\/v2\/posts\/72687","targetHints":{"allow":["GET"]}}],"collection":[{"href":"https:\/\/zjarr.tv\/en\/wp-json\/wp\/v2\/posts"}],"about":[{"href":"https:\/\/zjarr.tv\/en\/wp-json\/wp\/v2\/types\/post"}],"author":[{"embeddable":true,"href":"https:\/\/zjarr.tv\/en\/wp-json\/wp\/v2\/users\/2013"}],"replies":[{"embeddable":true,"href":"https:\/\/zjarr.tv\/en\/wp-json\/wp\/v2\/comments?post=72687"}],"version-history":[{"count":0,"href":"https:\/\/zjarr.tv\/en\/wp-json\/wp\/v2\/posts\/72687\/revisions"}],"wp:featuredmedia":[{"embeddable":true,"href":"https:\/\/zjarr.tv\/en\/wp-json\/wp\/v2\/media\/72625"}],"wp:attachment":[{"href":"https:\/\/zjarr.tv\/en\/wp-json\/wp\/v2\/media?parent=72687"}],"wp:term":[{"taxonomy":"category","embeddable":true,"href":"https:\/\/zjarr.tv\/en\/wp-json\/wp\/v2\/categories?post=72687"},{"taxonomy":"post_tag","embeddable":true,"href":"https:\/\/zjarr.tv\/en\/wp-json\/wp\/v2\/tags?post=72687"}],"curies":[{"name":"wp","href":"https:\/\/api.w.org\/{rel}","templated":true}]}}