{"id":72842,"date":"2019-03-07T12:43:40","date_gmt":"2019-03-07T11:43:40","guid":{"rendered":"https:\/\/zjarr.tv\/?p=72842"},"modified":"2019-03-07T12:43:40","modified_gmt":"2019-03-07T11:43:40","slug":"danielson-djegia-e-mandateve-minon-rrugetimin-drejt-be-shqetesim-nxitja-e-dhunes","status":"publish","type":"post","link":"https:\/\/zjarr.tv\/en\/danielson-djegia-e-mandateve-minon-rrugetimin-drejt-be-shqetesim-nxitja-e-dhunes\/","title":{"rendered":"Danielson: Djegia e mandateve minon rrug\u00ebtimin drejt BE, shqet\u00ebsim nxitja e dhun\u00ebs"},"content":{"rendered":"<p>Brukseli \u00ebsht\u00eb i qart\u00eb dhe n\u00eb nj\u00eb z\u00eb me d\u00ebnimin e veprimit t\u00eb opozit\u00ebs p\u00ebr djegien e mandateve n\u00eb bllok. Ky ishte dhe mesazhi q\u00eb Drejtori i P\u00ebrgjithsh\u00ebm p\u00ebr Politikat Evropiane \u00a0Fqinj\u00ebsi dhe Negocimet e Zgjerimit Christian Danielsson kishte dh\u00ebn\u00eb n\u00eb takimet me drejtuesit e opozit\u00ebs.<\/p>\n<p>Danielsson tha se djegia e mandateve minon rrug\u00ebtimin drejt BE-s\u00eb dhe se pasiguria duhet tejkaluar n\u00eb m\u00ebnyr\u00eb urgjente.<\/p>\n<p><strong>Danielsson:\u00a0<\/strong><em>&#8220;Kam theksuar q\u00eb vendimi i an\u00ebtar\u00ebve t\u00eb opozit\u00ebs p\u00ebr t\u00eb djegur mandatet parlamentare n\u00eb bllok minon n\u00eb m\u00ebnyr\u00eb serioze rrug\u00ebtimin e Shqip\u00ebris\u00eb drejt integrimit n\u00eb BE.<\/em><\/p>\n<p><em>Pasiguria duhet tejkaluar n\u00eb form\u00eb urgjente dhe jeta normale demokratike duhet restauruar. Parlamenti \u00ebsht\u00eb shtyll\u00eb e shtetit \u00ebsht\u00eb motori i \u00e7do demokracie t\u00eb pjekur. Duhet t\u00eb jet\u00eb vendi ku dallimet dhe diferencat diskutohen dhe t\u00eb krijohen kushtet p\u00ebr krijimin e nj\u00eb dialogu konstruktiv.&#8221;<\/em><\/p>\n<p><em>Kjo \u00ebsht\u00eb arsyeja pse mendova se duhet ritheksuar ajo thirrje q\u00eb u b\u00eb para disa dit\u00ebve nga Hahn se ky bojkot i Kuvendit \u00ebsht\u00eb kund\u00ebr produktiv dhe minon p\u00ebrpjekjet e reformave.<\/em><\/p>\n<p><strong>Shqetesim nxitja e dhunes-\u00a0<\/strong>Danilson b\u00ebri thirrje dhe p\u00ebr t\u00eb mos nxitur dhun\u00ebn.<\/p>\n<p><strong>Danielson:\u00a0<\/strong><em>&#8220;\u00cbsht\u00eb e r\u00ebnd\u00ebsishme q\u00eb protestat t\u00eb jen\u00eb t\u00eb paqme dhe q\u00eb ata q\u00eb jan\u00eb p\u00ebrgjejg\u00ebs p\u00ebr to t\u00eb p\u00ebrmbahen dhe t\u00eb mos nxisin dhun\u00eb. Kjo \u00ebsht\u00eb theksuar dhe nga Mogherini dhe Hahn. Nxitja e dhun\u00ebs \u00ebsht\u00eb shqet\u00ebsim i madh p\u00ebr ne&#8221;<\/em><\/p>","protected":false},"excerpt":{"rendered":"<p>Brukseli \u00ebsht\u00eb i qart\u00eb dhe n\u00eb nj\u00eb z\u00eb me d\u00ebnimin e veprimit t\u00eb opozit\u00ebs p\u00ebr djegien e mandateve n\u00eb bllok. Ky ishte dhe mesazhi q\u00eb Drejtori i P\u00ebrgjithsh\u00ebm p\u00ebr Politikat Evropiane \u00a0Fqinj\u00ebsi dhe Negocimet e Zgjerimit Christian Danielsson kishte dh\u00ebn\u00eb n\u00eb takimet me drejtuesit e opozit\u00ebs. Danielsson tha se djegia e mandateve minon rrug\u00ebtimin drejt [&hellip;]<\/p>\n","protected":false},"author":4,"featured_media":72844,"comment_status":"open","ping_status":"closed","sticky":false,"template":"","format":"standard","meta":{"footnotes":""},"categories":[241,231,235],"tags":[],"class_list":{"0":"post-72842","1":"post","2":"type-post","3":"status-publish","4":"format-standard","5":"has-post-thumbnail","7":"category-aktualitet","8":"category-lajme","9":"category-vendi"},"_links":{"self":[{"href":"https:\/\/zjarr.tv\/en\/wp-json\/wp\/v2\/posts\/72842","targetHints":{"allow":["GET"]}}],"collection":[{"href":"https:\/\/zjarr.tv\/en\/wp-json\/wp\/v2\/posts"}],"about":[{"href":"https:\/\/zjarr.tv\/en\/wp-json\/wp\/v2\/types\/post"}],"author":[{"embeddable":true,"href":"https:\/\/zjarr.tv\/en\/wp-json\/wp\/v2\/users\/4"}],"replies":[{"embeddable":true,"href":"https:\/\/zjarr.tv\/en\/wp-json\/wp\/v2\/comments?post=72842"}],"version-history":[{"count":0,"href":"https:\/\/zjarr.tv\/en\/wp-json\/wp\/v2\/posts\/72842\/revisions"}],"wp:featuredmedia":[{"embeddable":true,"href":"https:\/\/zjarr.tv\/en\/wp-json\/wp\/v2\/media\/72844"}],"wp:attachment":[{"href":"https:\/\/zjarr.tv\/en\/wp-json\/wp\/v2\/media?parent=72842"}],"wp:term":[{"taxonomy":"category","embeddable":true,"href":"https:\/\/zjarr.tv\/en\/wp-json\/wp\/v2\/categories?post=72842"},{"taxonomy":"post_tag","embeddable":true,"href":"https:\/\/zjarr.tv\/en\/wp-json\/wp\/v2\/tags?post=72842"}],"curies":[{"name":"wp","href":"https:\/\/api.w.org\/{rel}","templated":true}]}}