{"id":72865,"date":"2019-03-07T17:10:21","date_gmt":"2019-03-07T16:10:21","guid":{"rendered":"https:\/\/zjarr.tv\/?p=72865"},"modified":"2019-03-07T17:10:21","modified_gmt":"2019-03-07T16:10:21","slug":"tortura-femijeve-te-lidhur-me-isis","status":"publish","type":"post","link":"https:\/\/zjarr.tv\/en\/tortura-femijeve-te-lidhur-me-isis\/","title":{"rendered":"Tortura f\u00ebmij\u00ebve t\u00eb lidhur me ISIS"},"content":{"rendered":"<p><em>Nj\u00eb raport i organizat\u00ebs V\u00ebzhguesi i t\u00eb Drejtave t\u00eb Njeriut, ngre alarmin se f\u00ebmij\u00eb t\u00eb lidhur me t\u00eb ashtuquajturin Shtetin Islamik jan\u00eb torturuar nga autoritetet irakiane dhe ato kurde. Organizata thot\u00eb se autoritetet po mbajn\u00eb n\u00eb paraburgim rreth 1,500 f\u00ebmij\u00eb t\u00eb lidhur me Shtetin Islamik, nd\u00ebrsa n\u00eb shumic\u00ebn e rasteve proceset gjyq\u00ebsore jan\u00eb zhvilluar n\u00eb shkelje t\u00eb normave dhe ligjeve nd\u00ebrkomb\u00ebtare.<\/em><\/p>\n<p>F\u00ebmij\u00eb t\u00eb lidhur me t\u00eb ashtuquajturin Shtetin Islamik jan\u00eb torturuar dhe d\u00ebnuar p\u00ebr terroriz\u00ebm nga autoritetet irakiane dhe ato kurde. Nj\u00eb raport i organizat\u00ebs V\u00ebzhguesi i t\u00eb Drejtave t\u00eb Njeriut, shton se shum\u00eb prej akuzave t\u00eb ngritura ndaj t\u00eb miturve t\u00eb d\u00ebnuar jan\u00eb hartuar n\u00eb kushte t\u00eb dyshimta ose duke p\u00ebrdorur &#8220;forc\u00ebn p\u00ebr t\u2019detyruar ti pranojn\u00eb akuzat.&#8221; Organizata thot\u00eb se autoritetet po mbajn\u00eb n\u00eb paraburgim rreth 1,500 f\u00ebmij\u00eb t\u00eb lidhur me Shtetin Islamik. Nj\u00eb 18-vje\u00e7ar i tregoi organizat\u00ebs se ai ishte ndaluar n\u00eb Irak ku autoritetet i kishin lidhur syt\u00eb dhe djegur me cigare par ta detyruar t\u00eb pranonte akuzat. \u201cNa q\u00ebllonin me tela dhe shkopinj, na kan\u00eb torturuar,\u201d tregoi ai. Sipas raportit t\u00eb organizat\u00ebs, shpesh her\u00eb t\u00eb ndaluarit e rinj jan\u00eb mbajtur n\u00eb paraburgim n\u00eb kushte shum\u00eb t\u00eb r\u00ebnda, nd\u00ebrsa gjyqet ndaj tyre kan\u00eb qen\u00eb shpesh her\u00eb t\u00eb padrejt\u00eb dhe n\u00eb shkelje t\u00eb normave dhe ligjeve nd\u00ebrkomb\u00ebtare. Belkis Wille, nj\u00eb studiues i organizat\u00ebs V\u00ebzhguesi i t\u00eb Drejtave t\u00eb Njeriut, b\u00ebn p\u00ebrgjegj\u00ebs p\u00ebr k\u00ebt\u00eb situat\u00eb, sistemin e drejt\u00ebsis\u00eb s\u00eb Irakut.<\/p>\n<p><em>&#8220;Sistemi irakian i drejt\u00ebsis\u00eb \u00ebsht\u00eb i paaft\u00eb p\u00ebr t\u00eb hetuar dhe drejtuar ndjekjen penale p\u00ebr shkelje t\u00eb tilla. Ky \u00ebsht\u00eb nj\u00eb sistem kriminal q\u00eb nuk garanton gjykimin e drejt\u00eb dhe t\u00eb paansh\u00ebm,\u201d<\/em>\u00a0shton studiuesi.<\/p>\n<p>&nbsp;<\/p>","protected":false},"excerpt":{"rendered":"<p>Nj\u00eb raport i organizat\u00ebs V\u00ebzhguesi i t\u00eb Drejtave t\u00eb Njeriut, ngre alarmin se f\u00ebmij\u00eb t\u00eb lidhur me t\u00eb ashtuquajturin Shtetin Islamik jan\u00eb torturuar nga autoritetet irakiane dhe ato kurde. Organizata thot\u00eb se autoritetet po mbajn\u00eb n\u00eb paraburgim rreth 1,500 f\u00ebmij\u00eb t\u00eb lidhur me Shtetin Islamik, nd\u00ebrsa n\u00eb shumic\u00ebn e rasteve proceset gjyq\u00ebsore jan\u00eb zhvilluar n\u00eb [&hellip;]<\/p>\n","protected":false},"author":2013,"featured_media":58153,"comment_status":"open","ping_status":"closed","sticky":false,"template":"","format":"standard","meta":{"footnotes":""},"categories":[241,191],"tags":[],"class_list":{"0":"post-72865","1":"post","2":"type-post","3":"status-publish","4":"format-standard","5":"has-post-thumbnail","7":"category-aktualitet","8":"category-bota"},"_links":{"self":[{"href":"https:\/\/zjarr.tv\/en\/wp-json\/wp\/v2\/posts\/72865","targetHints":{"allow":["GET"]}}],"collection":[{"href":"https:\/\/zjarr.tv\/en\/wp-json\/wp\/v2\/posts"}],"about":[{"href":"https:\/\/zjarr.tv\/en\/wp-json\/wp\/v2\/types\/post"}],"author":[{"embeddable":true,"href":"https:\/\/zjarr.tv\/en\/wp-json\/wp\/v2\/users\/2013"}],"replies":[{"embeddable":true,"href":"https:\/\/zjarr.tv\/en\/wp-json\/wp\/v2\/comments?post=72865"}],"version-history":[{"count":0,"href":"https:\/\/zjarr.tv\/en\/wp-json\/wp\/v2\/posts\/72865\/revisions"}],"wp:featuredmedia":[{"embeddable":true,"href":"https:\/\/zjarr.tv\/en\/wp-json\/wp\/v2\/media\/58153"}],"wp:attachment":[{"href":"https:\/\/zjarr.tv\/en\/wp-json\/wp\/v2\/media?parent=72865"}],"wp:term":[{"taxonomy":"category","embeddable":true,"href":"https:\/\/zjarr.tv\/en\/wp-json\/wp\/v2\/categories?post=72865"},{"taxonomy":"post_tag","embeddable":true,"href":"https:\/\/zjarr.tv\/en\/wp-json\/wp\/v2\/tags?post=72865"}],"curies":[{"name":"wp","href":"https:\/\/api.w.org\/{rel}","templated":true}]}}