{"id":72868,"date":"2019-03-07T17:12:24","date_gmt":"2019-03-07T16:12:24","guid":{"rendered":"https:\/\/zjarr.tv\/?p=72868"},"modified":"2019-03-07T17:12:24","modified_gmt":"2019-03-07T16:12:24","slug":"uefa-merr-masa-kunder-simeones","status":"publish","type":"post","link":"https:\/\/zjarr.tv\/en\/uefa-merr-masa-kunder-simeones\/","title":{"rendered":"UEFA merr masa kund\u00ebr Simeones"},"content":{"rendered":"<p>Diego Simeone do t\u00eb jet\u00eb trajner i Atletico Madrid n\u00eb ndeshjen e kthimit kund\u00ebr Juventusit.\u00a0 Lajmi \u00ebsht\u00eb konfirmuar n\u00eb faqen zyrtare t\u00eb UEFA-s, me institucionin m\u00eb t\u00eb madh t\u00eb futbollit Europian q\u00eb ka falur teknikun argjentinas p\u00ebr veprimin kontravers t\u00eb b\u00ebr\u00eb n\u00eb takimin e par\u00eb gjat\u00eb festimit t\u00eb golit t\u00eb dyt\u00eb kund\u00ebr bardhezinjve. Megjithat\u00eb, Simeone nuk ia ka hedhur, pasi UEFA e ka gjobitur argjentinasin me 20 mij\u00eb euro. Veprimi i trajnerit nuk u p\u00ebrfshi n\u00eb raportin e arbitrit, por u hetua nga organi qeveris\u00ebs i futbollit evropian dhe vet\u00eb Simeone u k\u00ebrkoi ndjes\u00eb p\u00ebr \u00e7do shkelje t\u00eb shkaktuar, duke shpjeguar se nuk kishte si q\u00ebllim t\u00eb shkel privat\u00ebsin\u00eb e askujt.<\/p>","protected":false},"excerpt":{"rendered":"<p>Diego Simeone do t\u00eb jet\u00eb trajner i Atletico Madrid n\u00eb ndeshjen e kthimit kund\u00ebr Juventusit.\u00a0 Lajmi \u00ebsht\u00eb konfirmuar n\u00eb faqen zyrtare t\u00eb UEFA-s, me institucionin m\u00eb t\u00eb madh t\u00eb futbollit Europian q\u00eb ka falur teknikun argjentinas p\u00ebr veprimin kontravers t\u00eb b\u00ebr\u00eb n\u00eb takimin e par\u00eb gjat\u00eb festimit t\u00eb golit t\u00eb dyt\u00eb kund\u00ebr bardhezinjve. Megjithat\u00eb, Simeone [&hellip;]<\/p>\n","protected":false},"author":2013,"featured_media":70441,"comment_status":"open","ping_status":"closed","sticky":false,"template":"","format":"standard","meta":{"footnotes":""},"categories":[241,235],"tags":[],"class_list":{"0":"post-72868","1":"post","2":"type-post","3":"status-publish","4":"format-standard","5":"has-post-thumbnail","7":"category-aktualitet","8":"category-vendi"},"_links":{"self":[{"href":"https:\/\/zjarr.tv\/en\/wp-json\/wp\/v2\/posts\/72868","targetHints":{"allow":["GET"]}}],"collection":[{"href":"https:\/\/zjarr.tv\/en\/wp-json\/wp\/v2\/posts"}],"about":[{"href":"https:\/\/zjarr.tv\/en\/wp-json\/wp\/v2\/types\/post"}],"author":[{"embeddable":true,"href":"https:\/\/zjarr.tv\/en\/wp-json\/wp\/v2\/users\/2013"}],"replies":[{"embeddable":true,"href":"https:\/\/zjarr.tv\/en\/wp-json\/wp\/v2\/comments?post=72868"}],"version-history":[{"count":0,"href":"https:\/\/zjarr.tv\/en\/wp-json\/wp\/v2\/posts\/72868\/revisions"}],"wp:featuredmedia":[{"embeddable":true,"href":"https:\/\/zjarr.tv\/en\/wp-json\/wp\/v2\/media\/70441"}],"wp:attachment":[{"href":"https:\/\/zjarr.tv\/en\/wp-json\/wp\/v2\/media?parent=72868"}],"wp:term":[{"taxonomy":"category","embeddable":true,"href":"https:\/\/zjarr.tv\/en\/wp-json\/wp\/v2\/categories?post=72868"},{"taxonomy":"post_tag","embeddable":true,"href":"https:\/\/zjarr.tv\/en\/wp-json\/wp\/v2\/tags?post=72868"}],"curies":[{"name":"wp","href":"https:\/\/api.w.org\/{rel}","templated":true}]}}