{"id":72870,"date":"2019-03-07T17:14:09","date_gmt":"2019-03-07T16:14:09","guid":{"rendered":"https:\/\/zjarr.tv\/?p=72870"},"modified":"2019-03-07T17:14:09","modified_gmt":"2019-03-07T16:14:09","slug":"anulohen-ndeshjet-e-kampionatit-kombetar-te-futbollit-te-planifikuar-per-kete-fundjave","status":"publish","type":"post","link":"https:\/\/zjarr.tv\/en\/anulohen-ndeshjet-e-kampionatit-kombetar-te-futbollit-te-planifikuar-per-kete-fundjave\/","title":{"rendered":"Anulohen ndeshjet e kampionatit komb\u00ebtar t\u00eb futbollit t\u00eb planifikuar p\u00ebr k\u00ebt\u00eb fundjav\u00eb"},"content":{"rendered":"<p>Vendimi \u00ebsht\u00eb marr\u00eb nga Federata Shqiptare e Futbollit pas vendimit t\u00eb Shoqat\u00ebs Bashkimi i Arbitrave t\u00eb Futbollit Shqiptar se do t\u00eb bojkojn\u00eb kampionatin, duke nisur q\u00eb k\u00ebt\u00eb fundjav\u00eb.<\/p>\n<p><em>&#8220;Federata Shqiptare e Futbollit ju b\u00ebn me dije se t\u00eb gjitha ndeshjet \u00a0e kampionatit komb\u00ebtar t\u00eb futbollit t\u00eb planifikuara k\u00ebt\u00eb fundjav\u00eb nuk do t\u00eb zhvillohen si rrjedhoj\u00eb e vendimit t\u00eb marr\u00eb nga Bashkimi Arbitrave \u00a0Shqiptar t\u00eb Futbollit (BASHF) p\u00ebr t\u00eb bojkotuar t\u00eb gjitha ndeshjet deri \u00a0n\u00eb rikthimin e Policis\u00eb s\u00eb Shtetit n\u00eb stadiume.\u00a0FSHF shpreh mb\u00ebshtetjen maksimale ndaj t\u00eb gjith\u00eb trup\u00ebs arbitrale n\u00eb \u00a0Shqip\u00ebri dhe vler\u00ebson e respekton vendimin e marr\u00eb prej tyre. Ne \u00a0k\u00ebrkojm\u00eb reagimin e t\u00eb gjith\u00eb aktor\u00ebve p\u00ebr t\u00eb larguar p\u00ebrfundimisht \u00a0dhun\u00ebn, p\u00ebr t\u00eb garantuar rendin dhe sigurin\u00eb publike n\u00eb stadiume, si \u00a0parakushti themelor p\u00ebr t\u00eb pasur nj\u00eb gar\u00eb t\u00eb sh\u00ebndetshme dhe brenda \u00a0standarteve&#8221;<\/em>thuhet n\u00eb njoftimin p\u00ebr media t\u00eb FSHF-se. Dje, Komisioni i Disiplin\u00ebs pran\u00eb Federat\u00ebs Shqiptare t\u00eb Futbollit p\u00ebrjashtoi nga Kategoria Superiore skuadr\u00ebn e Kamz\u00ebs, q\u00eb do e nis sezonin 2019-2020 nga Kategoria e Dyt\u00eb. Ekipi nga periferia e kryeqytetit u shpall fajtore p\u00ebr shkeljen e rregullores gjat\u00eb sulmit ndaj gjyqtarit t\u00eb takimit mes tyre dhe La\u00e7it, Eldorian Hamiti.<\/p>\n<p>&nbsp;<\/p>","protected":false},"excerpt":{"rendered":"<p>Vendimi \u00ebsht\u00eb marr\u00eb nga Federata Shqiptare e Futbollit pas vendimit t\u00eb Shoqat\u00ebs Bashkimi i Arbitrave t\u00eb Futbollit Shqiptar se do t\u00eb bojkojn\u00eb kampionatin, duke nisur q\u00eb k\u00ebt\u00eb fundjav\u00eb. &#8220;Federata Shqiptare e Futbollit ju b\u00ebn me dije se t\u00eb gjitha ndeshjet \u00a0e kampionatit komb\u00ebtar t\u00eb futbollit t\u00eb planifikuara k\u00ebt\u00eb fundjav\u00eb nuk do t\u00eb zhvillohen si rrjedhoj\u00eb [&hellip;]<\/p>\n","protected":false},"author":2013,"featured_media":56436,"comment_status":"open","ping_status":"closed","sticky":false,"template":"","format":"standard","meta":{"footnotes":""},"categories":[241,235],"tags":[],"class_list":{"0":"post-72870","1":"post","2":"type-post","3":"status-publish","4":"format-standard","5":"has-post-thumbnail","7":"category-aktualitet","8":"category-vendi"},"_links":{"self":[{"href":"https:\/\/zjarr.tv\/en\/wp-json\/wp\/v2\/posts\/72870","targetHints":{"allow":["GET"]}}],"collection":[{"href":"https:\/\/zjarr.tv\/en\/wp-json\/wp\/v2\/posts"}],"about":[{"href":"https:\/\/zjarr.tv\/en\/wp-json\/wp\/v2\/types\/post"}],"author":[{"embeddable":true,"href":"https:\/\/zjarr.tv\/en\/wp-json\/wp\/v2\/users\/2013"}],"replies":[{"embeddable":true,"href":"https:\/\/zjarr.tv\/en\/wp-json\/wp\/v2\/comments?post=72870"}],"version-history":[{"count":0,"href":"https:\/\/zjarr.tv\/en\/wp-json\/wp\/v2\/posts\/72870\/revisions"}],"wp:featuredmedia":[{"embeddable":true,"href":"https:\/\/zjarr.tv\/en\/wp-json\/wp\/v2\/media\/56436"}],"wp:attachment":[{"href":"https:\/\/zjarr.tv\/en\/wp-json\/wp\/v2\/media?parent=72870"}],"wp:term":[{"taxonomy":"category","embeddable":true,"href":"https:\/\/zjarr.tv\/en\/wp-json\/wp\/v2\/categories?post=72870"},{"taxonomy":"post_tag","embeddable":true,"href":"https:\/\/zjarr.tv\/en\/wp-json\/wp\/v2\/tags?post=72870"}],"curies":[{"name":"wp","href":"https:\/\/api.w.org\/{rel}","templated":true}]}}