{"id":72876,"date":"2019-03-07T17:21:15","date_gmt":"2019-03-07T16:21:15","guid":{"rendered":"https:\/\/zjarr.tv\/?p=72876"},"modified":"2019-03-07T17:21:15","modified_gmt":"2019-03-07T16:21:15","slug":"turqia-pajiset-me-mbrojtjen-ruse","status":"publish","type":"post","link":"https:\/\/zjarr.tv\/en\/turqia-pajiset-me-mbrojtjen-ruse\/","title":{"rendered":"Turqia pajiset me mbrojtjen ruse"},"content":{"rendered":"<p><em>Presidenti turk, Rexhep Taip Erdogan, ka konfirmuar arritjen e nj\u00eb marr\u00ebveshjeje me Rusin\u00eb p\u00ebr pajisjen e vendit me nj\u00eb sistem mbrojt\u00ebs raketor me origjin\u00eb ruse. Nj\u00eb dit\u00eb m\u00eb par\u00eb, Uashingtoni paralajm\u00ebroi se ky vendim do t\u00eb k\u00ebrc\u00ebnonte sigurin\u00eb dhe flot\u00ebn e saj ajrore, dhe do t\u00eb nxiste v\u00ebnien e sanksioneve t\u00eb reja politike dhe ekonomike.<\/em><\/p>\n<p>Turqia ka deklaruar se nuk do e anuloj\u00eb marr\u00ebveshjen me Rusin\u00eb p\u00ebr blerjen e sistemit raketor mbrojt\u00ebs S-400, pavar\u00ebsisht apelit t\u00eb Shteteve t\u00eb Bashkuara. Presidenti turk, Rexhep Taip Erdogan, tha n\u00eb nj\u00eb intervist\u00eb televizive se nuk do t\u00eb ket\u00eb kthim pas me gjith\u00eb droj\u00ebn se pakti c\u00ebnon sigurin\u00eb rajonale dhe aleat\u00ebt e NATO-s.<\/p>\n<p><em>Erdogan:\u00a0&#8220;Marr\u00ebveshja \u00ebsht\u00eb pun\u00eb e mbaruar tashm\u00eb dhe do t\u00eb ishte e pamoralshme ta braktisnim. Un\u00eb nuk jam nj\u00eb lider i r\u00ebndomt\u00eb. Nuk jemi skllev\u00ebr. Kushtet e marr\u00ebveshjes me Rusin\u00eb jan\u00eb shum\u00eb t\u00eb volitshme dhe shpresojm\u00eb q\u00eb porosin\u00eb e par\u00eb ta kemi gati p\u00ebr muajin korrik.&#8221;<\/em><\/p>\n<p>Deklarata e Kreut t\u00eb Shtetit turk pason at\u00eb t\u00eb b\u00ebr\u00eb nj\u00eb dit\u00eb m\u00eb par\u00eb nga Departamenti Amerikan i Shtetit, q\u00eb paralajm\u00ebroi se radar\u00ebt e sistemit mbrojtj\u00ebs rus p\u00ebrb\u00ebjn\u00eb nj\u00eb rrezik p\u00ebr interceptimin e avion\u00ebve gjuajt\u00ebs amerikan\u00eb, ve\u00e7an\u00ebrisht ata t\u00eb tipit &#8220;F-35&#8221;. Sikund\u00ebr her\u00ebt e tjera, pala amerikane propozoi q\u00eb Ankaraja t\u00eb p\u00ebrdor\u00eb sistemin e saj raketor &#8220;Patriot&#8221;, por kjo e fundit e vler\u00ebson m\u00eb t\u00eb kushtuesh\u00ebm. Zyrtar\u00ebt amerikan\u00eb than\u00eb se zot\u00ebrimi i mbrojtjes ruse mund t&#8217;i hiqte Turqis\u00eb mund\u00ebsin\u00eb e pajisjes me avion\u00ebt F-35 q\u00eb ajo vet\u00eb ka porositur, dhe do e p\u00ebrballte me sanksione t\u00eb ndryshme t\u00eb natyr\u00ebs ushtarake, politike dhe ekonomike. Presidenti Erdogan apeloi t\u00eb m\u00ebrkur\u00ebn q\u00eb t\u00eb mos zbatohen sanksione t\u00eb reja tregtare, p\u00ebrndryshe Ankaraja do t\u00eb p\u00ebrgjigjet me t\u00eb nj\u00ebjt\u00ebn m\u00ebnyr\u00eb. Sipas analist\u00ebve t\u00eb dy vendeve, q\u00ebndrimi i ashp\u00ebr kundrejt Uashingtonit shihet me sy t\u00eb mir\u00eb nga mb\u00ebshtet\u00ebsit e Erdoganit, dhe ky i fundit nuk pritet t\u00eb ket\u00eb l\u00ebkundje t\u00eb m\u00ebdha n\u00eb q\u00ebndrime p\u00ebrpara zgjedhjeve lokale t\u00eb 31 marsit.<\/p>","protected":false},"excerpt":{"rendered":"<p>Presidenti turk, Rexhep Taip Erdogan, ka konfirmuar arritjen e nj\u00eb marr\u00ebveshjeje me Rusin\u00eb p\u00ebr pajisjen e vendit me nj\u00eb sistem mbrojt\u00ebs raketor me origjin\u00eb ruse. Nj\u00eb dit\u00eb m\u00eb par\u00eb, Uashingtoni paralajm\u00ebroi se ky vendim do t\u00eb k\u00ebrc\u00ebnonte sigurin\u00eb dhe flot\u00ebn e saj ajrore, dhe do t\u00eb nxiste v\u00ebnien e sanksioneve t\u00eb reja politike dhe ekonomike. [&hellip;]<\/p>\n","protected":false},"author":2013,"featured_media":0,"comment_status":"open","ping_status":"closed","sticky":false,"template":"","format":"standard","meta":{"footnotes":""},"categories":[241,191],"tags":[],"class_list":{"0":"post-72876","1":"post","2":"type-post","3":"status-publish","4":"format-standard","6":"category-aktualitet","7":"category-bota"},"_links":{"self":[{"href":"https:\/\/zjarr.tv\/en\/wp-json\/wp\/v2\/posts\/72876","targetHints":{"allow":["GET"]}}],"collection":[{"href":"https:\/\/zjarr.tv\/en\/wp-json\/wp\/v2\/posts"}],"about":[{"href":"https:\/\/zjarr.tv\/en\/wp-json\/wp\/v2\/types\/post"}],"author":[{"embeddable":true,"href":"https:\/\/zjarr.tv\/en\/wp-json\/wp\/v2\/users\/2013"}],"replies":[{"embeddable":true,"href":"https:\/\/zjarr.tv\/en\/wp-json\/wp\/v2\/comments?post=72876"}],"version-history":[{"count":0,"href":"https:\/\/zjarr.tv\/en\/wp-json\/wp\/v2\/posts\/72876\/revisions"}],"wp:attachment":[{"href":"https:\/\/zjarr.tv\/en\/wp-json\/wp\/v2\/media?parent=72876"}],"wp:term":[{"taxonomy":"category","embeddable":true,"href":"https:\/\/zjarr.tv\/en\/wp-json\/wp\/v2\/categories?post=72876"},{"taxonomy":"post_tag","embeddable":true,"href":"https:\/\/zjarr.tv\/en\/wp-json\/wp\/v2\/tags?post=72876"}],"curies":[{"name":"wp","href":"https:\/\/api.w.org\/{rel}","templated":true}]}}