{"id":72878,"date":"2019-03-07T17:25:52","date_gmt":"2019-03-07T16:25:52","guid":{"rendered":"https:\/\/zjarr.tv\/?p=72878"},"modified":"2019-03-07T17:25:52","modified_gmt":"2019-03-07T16:25:52","slug":"kosova-ende-pa-nje-platforme-nga-parlamenti-per-ceshtjen-e-dialogut","status":"publish","type":"post","link":"https:\/\/zjarr.tv\/en\/kosova-ende-pa-nje-platforme-nga-parlamenti-per-ceshtjen-e-dialogut\/","title":{"rendered":"Kosova ende pa nj\u00eb platform\u00eb nga Parlamenti p\u00ebr \u00e7\u00ebshtjen e dialogut"},"content":{"rendered":"<p>Kosova nuk ka ende nj\u00eb platform\u00eb t\u00eb votuar nga Parlamenti p\u00ebr \u00e7\u00ebshtjen e dialogut, teksa opozita edhe nj\u00ebher\u00eb nuk ka pranuar t\u00eb zhvilloj\u00eb nj\u00eb debat t\u00eb rregullt parlamentar n\u00eb seanc\u00ebn e jasht\u00ebzakonshme. Kryeministri Haradinaj ka k\u00ebrkuar angazhimin e t\u00eb gjitha pal\u00ebve, por Vet\u00ebvendosja dhe LDK-ja mbeten skeptike duke mos dh\u00ebn\u00eb konsensusin e tyre. Ekipi negociator i Kosov\u00ebs nuk ka arritur ende q\u00eb t\u00eb siguroj\u00eb mb\u00ebshtetjen e opozit\u00ebs p\u00ebr t\u00eb krijuar nj\u00eb platform\u00eb t\u00eb qart\u00eb n\u00eb dialogun me Serbin\u00eb. Seanca e Jasht\u00ebzakonshme ka konfirmuar edhe nj\u00ebher\u00eb ndasit\u00eb e thella q\u00eb ekzistojn\u00eb mes pal\u00ebve. P\u00ebrball\u00eb k\u00ebsaj situate, Kryeministri Haradinaj, apeloi opozit\u00ebn q\u00eb t\u00eb jap\u00eb mendimin e saj dhe t\u00eb angazhohet n\u00eb nj\u00eb dialog t\u00eb brendsh\u00ebm p\u00ebr t\u00eb dh\u00ebn\u00eb q\u00ebndrime. Nd\u00ebrsa, LDK-ja la seanc\u00ebn, L\u00ebvizja Vet\u00ebvendosje p\u00ebrmes kreut t\u00eb grupit, Glauk Konjufca, tha se nuk mund t\u00eb mandatohet ekipi negociator, n\u00eb koh\u00eb kur di\u00e7ka e till\u00eb nuk rregullohet me ligj. Nga ana tjet\u00ebr, kriza e brendshme n\u00eb Kosov\u00eb nuk \u00ebsht\u00eb e vetmja penges\u00eb p\u00ebr dialogun. Procesi negociator vijon t\u00eb mbetet i pezulluar p\u00ebr shkak t\u00eb taks\u00ebs 100% t\u00eb vendosur ndaj produkteve t\u00eb importuara nga Serbia.<\/p>\n<p>&nbsp;<\/p>","protected":false},"excerpt":{"rendered":"<p>Kosova nuk ka ende nj\u00eb platform\u00eb t\u00eb votuar nga Parlamenti p\u00ebr \u00e7\u00ebshtjen e dialogut, teksa opozita edhe nj\u00ebher\u00eb nuk ka pranuar t\u00eb zhvilloj\u00eb nj\u00eb debat t\u00eb rregullt parlamentar n\u00eb seanc\u00ebn e jasht\u00ebzakonshme. Kryeministri Haradinaj ka k\u00ebrkuar angazhimin e t\u00eb gjitha pal\u00ebve, por Vet\u00ebvendosja dhe LDK-ja mbeten skeptike duke mos dh\u00ebn\u00eb konsensusin e tyre. Ekipi negociator [&hellip;]<\/p>\n","protected":false},"author":2013,"featured_media":0,"comment_status":"open","ping_status":"closed","sticky":false,"template":"","format":"standard","meta":{"footnotes":""},"categories":[241,2],"tags":[],"class_list":{"0":"post-72878","1":"post","2":"type-post","3":"status-publish","4":"format-standard","6":"category-aktualitet","7":"category-rajoni"},"_links":{"self":[{"href":"https:\/\/zjarr.tv\/en\/wp-json\/wp\/v2\/posts\/72878","targetHints":{"allow":["GET"]}}],"collection":[{"href":"https:\/\/zjarr.tv\/en\/wp-json\/wp\/v2\/posts"}],"about":[{"href":"https:\/\/zjarr.tv\/en\/wp-json\/wp\/v2\/types\/post"}],"author":[{"embeddable":true,"href":"https:\/\/zjarr.tv\/en\/wp-json\/wp\/v2\/users\/2013"}],"replies":[{"embeddable":true,"href":"https:\/\/zjarr.tv\/en\/wp-json\/wp\/v2\/comments?post=72878"}],"version-history":[{"count":0,"href":"https:\/\/zjarr.tv\/en\/wp-json\/wp\/v2\/posts\/72878\/revisions"}],"wp:attachment":[{"href":"https:\/\/zjarr.tv\/en\/wp-json\/wp\/v2\/media?parent=72878"}],"wp:term":[{"taxonomy":"category","embeddable":true,"href":"https:\/\/zjarr.tv\/en\/wp-json\/wp\/v2\/categories?post=72878"},{"taxonomy":"post_tag","embeddable":true,"href":"https:\/\/zjarr.tv\/en\/wp-json\/wp\/v2\/tags?post=72878"}],"curies":[{"name":"wp","href":"https:\/\/api.w.org\/{rel}","templated":true}]}}