{"id":72888,"date":"2019-03-07T18:06:13","date_gmt":"2019-03-07T17:06:13","guid":{"rendered":"https:\/\/zjarr.tv\/?p=72888"},"modified":"2019-03-07T18:06:13","modified_gmt":"2019-03-07T17:06:13","slug":"arrestohet-44-vjecari-shqiptar-ne-kerkim-evropian","status":"publish","type":"post","link":"https:\/\/zjarr.tv\/en\/arrestohet-44-vjecari-shqiptar-ne-kerkim-evropian\/","title":{"rendered":"Arrestohet 44 vje\u00e7ari shqiptar n\u00eb k\u00ebrkim evropian"},"content":{"rendered":"<p>Nj\u00eb shqiptar i shpallur n\u00eb k\u00ebrkim nga Interpoli p\u00ebr llogari t\u00eb drejt\u00ebsis\u00eb shqiptare \u00ebsht\u00eb arrestuar nga policia italiane. N\u00eb pranga p\u00ebrfundoi nj\u00eb 44 vje\u00e7ar, emri i t\u00eb cilit nuk b\u00ebhet i ditur. Ai \u00ebsht\u00eb shpallur n\u00eb k\u00ebrkim evropian nga autoritetet shqiptare n\u00eb 2016. 44 vje\u00e7ari shqiptar u d\u00ebrgua n\u00eb burgun Regina Coeli, ku do t\u00eb vuaj\u00eb d\u00ebnimin me gati 5 vjet burgim. Ai ishte fshehur n\u00eb Ostia.<\/p>\n<p>&nbsp;<\/p>","protected":false},"excerpt":{"rendered":"<p>Nj\u00eb shqiptar i shpallur n\u00eb k\u00ebrkim nga Interpoli p\u00ebr llogari t\u00eb drejt\u00ebsis\u00eb shqiptare \u00ebsht\u00eb arrestuar nga policia italiane. N\u00eb pranga p\u00ebrfundoi nj\u00eb 44 vje\u00e7ar, emri i t\u00eb cilit nuk b\u00ebhet i ditur. Ai \u00ebsht\u00eb shpallur n\u00eb k\u00ebrkim evropian nga autoritetet shqiptare n\u00eb 2016. 44 vje\u00e7ari shqiptar u d\u00ebrgua n\u00eb burgun Regina Coeli, ku do t\u00eb [&hellip;]<\/p>\n","protected":false},"author":2013,"featured_media":57185,"comment_status":"open","ping_status":"closed","sticky":false,"template":"","format":"standard","meta":{"footnotes":""},"categories":[241,235],"tags":[],"class_list":{"0":"post-72888","1":"post","2":"type-post","3":"status-publish","4":"format-standard","5":"has-post-thumbnail","7":"category-aktualitet","8":"category-vendi"},"_links":{"self":[{"href":"https:\/\/zjarr.tv\/en\/wp-json\/wp\/v2\/posts\/72888","targetHints":{"allow":["GET"]}}],"collection":[{"href":"https:\/\/zjarr.tv\/en\/wp-json\/wp\/v2\/posts"}],"about":[{"href":"https:\/\/zjarr.tv\/en\/wp-json\/wp\/v2\/types\/post"}],"author":[{"embeddable":true,"href":"https:\/\/zjarr.tv\/en\/wp-json\/wp\/v2\/users\/2013"}],"replies":[{"embeddable":true,"href":"https:\/\/zjarr.tv\/en\/wp-json\/wp\/v2\/comments?post=72888"}],"version-history":[{"count":0,"href":"https:\/\/zjarr.tv\/en\/wp-json\/wp\/v2\/posts\/72888\/revisions"}],"wp:featuredmedia":[{"embeddable":true,"href":"https:\/\/zjarr.tv\/en\/wp-json\/wp\/v2\/media\/57185"}],"wp:attachment":[{"href":"https:\/\/zjarr.tv\/en\/wp-json\/wp\/v2\/media?parent=72888"}],"wp:term":[{"taxonomy":"category","embeddable":true,"href":"https:\/\/zjarr.tv\/en\/wp-json\/wp\/v2\/categories?post=72888"},{"taxonomy":"post_tag","embeddable":true,"href":"https:\/\/zjarr.tv\/en\/wp-json\/wp\/v2\/tags?post=72888"}],"curies":[{"name":"wp","href":"https:\/\/api.w.org\/{rel}","templated":true}]}}