{"id":72900,"date":"2019-03-08T11:39:25","date_gmt":"2019-03-08T10:39:25","guid":{"rendered":"https:\/\/zjarr.tv\/?p=72900"},"modified":"2019-03-08T11:39:25","modified_gmt":"2019-03-08T10:39:25","slug":"fier-protestuesit-perplasen-me-policine-te-ike-rama","status":"publish","type":"post","link":"https:\/\/zjarr.tv\/en\/fier-protestuesit-perplasen-me-policine-te-ike-rama\/","title":{"rendered":"Fier, protestuesit p\u00ebrplasen me policin\u00eb: T\u00eb ik\u00eb Rama"},"content":{"rendered":"<p>Kryeministri Edi Rama ka zgjedhur qytetin e Fierit, p\u00ebr nj\u00eb aktivitet me rastin e dit\u00ebs s\u00eb gruas.<\/p>\n<p>Por rruga q\u00eb lidh Fierin dhe Roskovecit, u bllokua nga protestues me thirrjet \u201cRama ik\u201d dhe \u201cE\u00a0\u00a0\u00a0\u00a0 duam Shqip\u00ebrin\u00eb si gjith\u00eb Europa\u201d.<\/p>\n<p>Sipas Partis\u00eb Demokratike, p\u00ebr shkak t\u00eb protest\u00ebs, Rama ndryshoi oraret n\u00eb axhend\u00ebn e l\u00ebvizjes.<\/p>\n<p>Sakaq protestuesit kan\u00eb pasur edhe momente tensioni me policin\u00eb pran\u00eb vendit ku po mbahet takimi i kreut t\u00eb qeveris\u00eb.<\/p>\n<p>Ata k\u00ebrkojn\u00eb largimin e Kryeministrit.<\/p>","protected":false},"excerpt":{"rendered":"<p>Kryeministri Edi Rama ka zgjedhur qytetin e Fierit, p\u00ebr nj\u00eb aktivitet me rastin e dit\u00ebs s\u00eb gruas. Por rruga q\u00eb lidh Fierin dhe Roskovecit, u bllokua nga protestues me thirrjet \u201cRama ik\u201d dhe \u201cE\u00a0\u00a0\u00a0\u00a0 duam Shqip\u00ebrin\u00eb si gjith\u00eb Europa\u201d. Sipas Partis\u00eb Demokratike, p\u00ebr shkak t\u00eb protest\u00ebs, Rama ndryshoi oraret n\u00eb axhend\u00ebn e l\u00ebvizjes. Sakaq protestuesit [&hellip;]<\/p>\n","protected":false},"author":4,"featured_media":72901,"comment_status":"open","ping_status":"closed","sticky":false,"template":"","format":"standard","meta":{"footnotes":""},"categories":[241,231,235],"tags":[],"class_list":{"0":"post-72900","1":"post","2":"type-post","3":"status-publish","4":"format-standard","5":"has-post-thumbnail","7":"category-aktualitet","8":"category-lajme","9":"category-vendi"},"_links":{"self":[{"href":"https:\/\/zjarr.tv\/en\/wp-json\/wp\/v2\/posts\/72900","targetHints":{"allow":["GET"]}}],"collection":[{"href":"https:\/\/zjarr.tv\/en\/wp-json\/wp\/v2\/posts"}],"about":[{"href":"https:\/\/zjarr.tv\/en\/wp-json\/wp\/v2\/types\/post"}],"author":[{"embeddable":true,"href":"https:\/\/zjarr.tv\/en\/wp-json\/wp\/v2\/users\/4"}],"replies":[{"embeddable":true,"href":"https:\/\/zjarr.tv\/en\/wp-json\/wp\/v2\/comments?post=72900"}],"version-history":[{"count":0,"href":"https:\/\/zjarr.tv\/en\/wp-json\/wp\/v2\/posts\/72900\/revisions"}],"wp:featuredmedia":[{"embeddable":true,"href":"https:\/\/zjarr.tv\/en\/wp-json\/wp\/v2\/media\/72901"}],"wp:attachment":[{"href":"https:\/\/zjarr.tv\/en\/wp-json\/wp\/v2\/media?parent=72900"}],"wp:term":[{"taxonomy":"category","embeddable":true,"href":"https:\/\/zjarr.tv\/en\/wp-json\/wp\/v2\/categories?post=72900"},{"taxonomy":"post_tag","embeddable":true,"href":"https:\/\/zjarr.tv\/en\/wp-json\/wp\/v2\/tags?post=72900"}],"curies":[{"name":"wp","href":"https:\/\/api.w.org\/{rel}","templated":true}]}}