{"id":72903,"date":"2019-03-08T11:41:15","date_gmt":"2019-03-08T10:41:15","guid":{"rendered":"https:\/\/zjarr.tv\/?p=72903"},"modified":"2019-03-08T11:41:15","modified_gmt":"2019-03-08T10:41:15","slug":"mbyllen-hetimet-per-stresin-dosja-dergohet-ne-gjykate","status":"publish","type":"post","link":"https:\/\/zjarr.tv\/en\/mbyllen-hetimet-per-stresin-dosja-dergohet-ne-gjykate\/","title":{"rendered":"Mbyllen hetimet p\u00ebr Stresin, dosja d\u00ebrgohet n\u00eb gjykat\u00eb"},"content":{"rendered":"<p>P\u00ebrfundojn\u00eb hetimet p\u00ebr k\u00ebng\u00ebtarin Arkimed Lushaj, i njohur nga t\u00eb gjith\u00eb si Stresi.<\/p>\n<p>Prokuroria e Tiran\u00ebs ka d\u00ebrguar dosjen n\u00eb Gjykat\u00eb n\u00eb ngarkim t\u00eb k\u00ebng\u00ebtarit.<\/p>\n<p>Stresi u arrestua vjesht\u00ebn e l\u00ebn\u00eb pas m\u00eb 17 tetor, n\u00eb zon\u00ebn e Linz\u00ebs n\u00eb Tiran\u00eb, pasi u gjet i zhveshur i shtrir\u00eb n\u00eb krevatin e nj\u00eb hoteli, ku ndodhej me nj\u00eb vajz\u00eb 20-vje\u00e7e.<\/p>\n<p>Ai u zu n\u00eb befasi, nd\u00ebrkoh\u00eb q\u00eb n\u00eb dhom\u00eb iu gjet kokain\u00eb dhe nj\u00eb 10 mij\u00eb lek\u00ebsh i b\u00ebr\u00eb gati p\u00ebr thithje. Po ashtu reperit iu gjet edhe pistoleta q\u00eb mbante me vete.<\/p>\n<p>Stresi akuzohet p\u00ebr \u201cMbajtje pa leje dhe prodhim t\u00eb arm\u00ebve shp\u00ebrthyese dhe t\u00eb municioneve\u201d si dhe \u201cProdhim dhe shitje e l\u00ebnd\u00ebve narkotike\u201d.<\/p>\n<p>K\u00ebng\u00ebtari rezulton se ishte p\u00ebrgjuar pas hetimeve p\u00ebr grupin \u201cBajri\u201d.<\/p>\n<p>Kjo pasi n\u00eb p\u00ebrgjime ai rezulton se kishte th\u00ebn\u00eb se e kishte hedhur pistolet\u00ebn q\u00eb mbante me vete pran\u00eb shkoll\u00ebs \u201cPartizani\u201d, duke i shp\u00ebtuar policis\u00eb.<\/p>","protected":false},"excerpt":{"rendered":"<p>P\u00ebrfundojn\u00eb hetimet p\u00ebr k\u00ebng\u00ebtarin Arkimed Lushaj, i njohur nga t\u00eb gjith\u00eb si Stresi. Prokuroria e Tiran\u00ebs ka d\u00ebrguar dosjen n\u00eb Gjykat\u00eb n\u00eb ngarkim t\u00eb k\u00ebng\u00ebtarit. Stresi u arrestua vjesht\u00ebn e l\u00ebn\u00eb pas m\u00eb 17 tetor, n\u00eb zon\u00ebn e Linz\u00ebs n\u00eb Tiran\u00eb, pasi u gjet i zhveshur i shtrir\u00eb n\u00eb krevatin e nj\u00eb hoteli, ku ndodhej [&hellip;]<\/p>\n","protected":false},"author":4,"featured_media":72904,"comment_status":"open","ping_status":"closed","sticky":false,"template":"","format":"standard","meta":{"footnotes":""},"categories":[241,231,235],"tags":[],"class_list":{"0":"post-72903","1":"post","2":"type-post","3":"status-publish","4":"format-standard","5":"has-post-thumbnail","7":"category-aktualitet","8":"category-lajme","9":"category-vendi"},"_links":{"self":[{"href":"https:\/\/zjarr.tv\/en\/wp-json\/wp\/v2\/posts\/72903","targetHints":{"allow":["GET"]}}],"collection":[{"href":"https:\/\/zjarr.tv\/en\/wp-json\/wp\/v2\/posts"}],"about":[{"href":"https:\/\/zjarr.tv\/en\/wp-json\/wp\/v2\/types\/post"}],"author":[{"embeddable":true,"href":"https:\/\/zjarr.tv\/en\/wp-json\/wp\/v2\/users\/4"}],"replies":[{"embeddable":true,"href":"https:\/\/zjarr.tv\/en\/wp-json\/wp\/v2\/comments?post=72903"}],"version-history":[{"count":0,"href":"https:\/\/zjarr.tv\/en\/wp-json\/wp\/v2\/posts\/72903\/revisions"}],"wp:featuredmedia":[{"embeddable":true,"href":"https:\/\/zjarr.tv\/en\/wp-json\/wp\/v2\/media\/72904"}],"wp:attachment":[{"href":"https:\/\/zjarr.tv\/en\/wp-json\/wp\/v2\/media?parent=72903"}],"wp:term":[{"taxonomy":"category","embeddable":true,"href":"https:\/\/zjarr.tv\/en\/wp-json\/wp\/v2\/categories?post=72903"},{"taxonomy":"post_tag","embeddable":true,"href":"https:\/\/zjarr.tv\/en\/wp-json\/wp\/v2\/tags?post=72903"}],"curies":[{"name":"wp","href":"https:\/\/api.w.org\/{rel}","templated":true}]}}