{"id":72910,"date":"2019-03-08T12:07:41","date_gmt":"2019-03-08T11:07:41","guid":{"rendered":"https:\/\/zjarr.tv\/?p=72910"},"modified":"2019-03-08T12:07:41","modified_gmt":"2019-03-08T11:07:41","slug":"lihet-ne-burg-djali-qe-vrau-nenen-me-therriste-goni-vdiq-vete-ja-cfare-i-thashe-vellait","status":"publish","type":"post","link":"https:\/\/zjarr.tv\/en\/lihet-ne-burg-djali-qe-vrau-nenen-me-therriste-goni-vdiq-vete-ja-cfare-i-thashe-vellait\/","title":{"rendered":"Lihet n\u00eb burg djali q\u00eb vrau n\u00ebn\u00ebn: M\u00eb th\u00ebrriste Goni, vdiq vet\u00eb. Ja \u00e7far\u00eb i thash\u00eb v\u00ebllait"},"content":{"rendered":"<p>Nj\u00eb ngjarje e r\u00ebnd\u00eb tronditi Kor\u00e7\u00ebn dit\u00eb m\u00eb par\u00eb, ku dyshohet se djali vrau n\u00ebn\u00ebn e tij t\u00eb moshuar. Nd\u00ebrkoh\u00eb q\u00eb gjykata ka caktuar mas\u00ebn e \u201carrest me burg\u201d p\u00ebr Nesim Demollarin, pasi Prokuroria ka deklaruar se ka prova q\u00eb 54-vje\u00e7ari e ka dhunuar n\u00ebn\u00ebn derisa ajo humbi jet\u00ebn.<\/p>\n<p>Dhe p\u00ebr k\u00ebt\u00eb ka edhe d\u00ebshmit\u00eb e komshinjve, t\u00eb cil\u00ebt kan\u00eb th\u00ebn\u00eb se Demollari e rrahu n\u00ebn\u00ebn p\u00ebr gjysm\u00eb or\u00eb.<\/p>\n<p>Nga ana e tij vet\u00eb Demollari e ka mohuar se e ka vrar\u00eb n\u00ebn\u00ebn e tij, nd\u00ebrsa ka k\u00ebrkuar q\u00eb t\u00eb gjykohet i lir\u00eb,. \u201cMaman\u00eb e gjeta n\u00eb korridor. At\u00eb e ushqeja un\u00eb, por ajo b\u00ebnte veprime t\u00eb pand\u00ebrgjegjshme. Me quante Goni dhe jo Nesim. Ishte me skleroz\u00eb.<\/p>\n<p>Un\u00eb e gjeta midis banj\u00ebs dhe korridorit t\u00eb shtrir\u00eb. E cova ne dhome. I sh\u00ebrbej prej vitesh. Kishte r\u00ebn\u00eb nga divani me kok\u00eb. Dy dit\u00eb m\u00eb par\u00eb vrau syrin. Nuk e kam vrar\u00eb un\u00eb, vdiq vet\u00eb. Pasi vdiq mora v\u00ebllain n\u00eb telefon. Un\u00eb kam punuar 20 vite ne Greqi. Jam i pafajsh\u00ebm dhe dua t\u00eb gjykohem i lir\u00eb. Dua t\u00eb punoj, se nuk kam te ardhura\u201d, \u2013 \u00ebsht\u00eb shprehur Demollari.<\/p>","protected":false},"excerpt":{"rendered":"<p>Nj\u00eb ngjarje e r\u00ebnd\u00eb tronditi Kor\u00e7\u00ebn dit\u00eb m\u00eb par\u00eb, ku dyshohet se djali vrau n\u00ebn\u00ebn e tij t\u00eb moshuar. Nd\u00ebrkoh\u00eb q\u00eb gjykata ka caktuar mas\u00ebn e \u201carrest me burg\u201d p\u00ebr Nesim Demollarin, pasi Prokuroria ka deklaruar se ka prova q\u00eb 54-vje\u00e7ari e ka dhunuar n\u00ebn\u00ebn derisa ajo humbi jet\u00ebn. Dhe p\u00ebr k\u00ebt\u00eb ka edhe d\u00ebshmit\u00eb [&hellip;]<\/p>\n","protected":false},"author":4,"featured_media":72912,"comment_status":"open","ping_status":"closed","sticky":false,"template":"","format":"standard","meta":{"footnotes":""},"categories":[241,231,235],"tags":[],"class_list":{"0":"post-72910","1":"post","2":"type-post","3":"status-publish","4":"format-standard","5":"has-post-thumbnail","7":"category-aktualitet","8":"category-lajme","9":"category-vendi"},"_links":{"self":[{"href":"https:\/\/zjarr.tv\/en\/wp-json\/wp\/v2\/posts\/72910","targetHints":{"allow":["GET"]}}],"collection":[{"href":"https:\/\/zjarr.tv\/en\/wp-json\/wp\/v2\/posts"}],"about":[{"href":"https:\/\/zjarr.tv\/en\/wp-json\/wp\/v2\/types\/post"}],"author":[{"embeddable":true,"href":"https:\/\/zjarr.tv\/en\/wp-json\/wp\/v2\/users\/4"}],"replies":[{"embeddable":true,"href":"https:\/\/zjarr.tv\/en\/wp-json\/wp\/v2\/comments?post=72910"}],"version-history":[{"count":0,"href":"https:\/\/zjarr.tv\/en\/wp-json\/wp\/v2\/posts\/72910\/revisions"}],"wp:featuredmedia":[{"embeddable":true,"href":"https:\/\/zjarr.tv\/en\/wp-json\/wp\/v2\/media\/72912"}],"wp:attachment":[{"href":"https:\/\/zjarr.tv\/en\/wp-json\/wp\/v2\/media?parent=72910"}],"wp:term":[{"taxonomy":"category","embeddable":true,"href":"https:\/\/zjarr.tv\/en\/wp-json\/wp\/v2\/categories?post=72910"},{"taxonomy":"post_tag","embeddable":true,"href":"https:\/\/zjarr.tv\/en\/wp-json\/wp\/v2\/tags?post=72910"}],"curies":[{"name":"wp","href":"https:\/\/api.w.org\/{rel}","templated":true}]}}