{"id":72923,"date":"2019-03-08T12:22:45","date_gmt":"2019-03-08T11:22:45","guid":{"rendered":"https:\/\/zjarr.tv\/?p=72923"},"modified":"2019-03-08T12:22:45","modified_gmt":"2019-03-08T11:22:45","slug":"dhuna-ndaj-mjekut-ne-lezhe-proteste-ne-spital-ja-kerkesat","status":"publish","type":"post","link":"https:\/\/zjarr.tv\/en\/dhuna-ndaj-mjekut-ne-lezhe-proteste-ne-spital-ja-kerkesat\/","title":{"rendered":"Dhuna ndaj mjekut n\u00eb Lezh\u00eb\/ Protest\u00eb n\u00eb spital, ja k\u00ebrkesat"},"content":{"rendered":"<p>Personeli i spitalit t\u00eb Lezh\u00ebs ka dal\u00eb n\u00eb protest\u00eb dit\u00ebn e sotme kund\u00ebr dhun\u00ebs s\u00eb ushtruar ndaj mjek\u00ebve, nisur nga rasti i m\u00eb i fundit n\u00eb Lezh\u00eb ku u dhunua mjeku dermatolog n\u00eb spitalin e Lezh\u00ebs, Zef Doda.<\/p>\n<p>N\u00eb shenj\u00eb solidariteti ndaj mjekut Zef Doda koleg\u00ebt e tij dhe stafi i spitalit kan\u00eb k\u00ebrkuar q\u00eb ngjarje t\u00eb tilla t\u00eb d\u00ebnohen e t\u00eb mos ndodhin m\u00eb. Madje ata k\u00ebrkojn\u00eb q\u00eb brenda ambienteve t\u00eb spitalit t\u00eb ket\u00eb prezenc\u00eb t\u00eb policis\u00eb.<\/p>\n<p>Nj\u00eb dit\u00eb m\u00eb par\u00eb pacienti q\u00eb dhunoi mjekun dermatolog n\u00eb spitalin e Lezh\u00ebs u v\u00ebt\u00ebdor\u00ebzua n\u00eb polici.<\/p>\n<p>Autori Eduart Lleshi ka th\u00ebn\u00eb n\u00eb polici se ka debatuar me mjekun dhe m\u00eb pas e ka goditur me grushte, pasi ai ishte i alkoolizuar dhe nuk i ka sh\u00ebrbyer.<br \/>\n\u201cDebatova me mjekun dhe e kam goditur me grushte sepse nuk m\u00eb sh\u00ebrbeu dhe ishte i dehur\u201d-ka th\u00ebn\u00eb Eduart Lleshi.<\/p>\n<p>Ngjarja ndodhi dje teksa mjeku Zef Doda u godit brenda ambienteve t\u00eb spitalit t\u00eb Lezh\u00ebs. Mjeku ka p\u00ebsuar fraktura n\u00eb fytyr\u00eb dhe i \u00ebsht\u00eb n\u00ebnshtruar ekzaminimeve t\u00eb nevojshme.<\/p>\n<p>&nbsp;<\/p>\n<p>&nbsp;<\/p>","protected":false},"excerpt":{"rendered":"<p>Personeli i spitalit t\u00eb Lezh\u00ebs ka dal\u00eb n\u00eb protest\u00eb dit\u00ebn e sotme kund\u00ebr dhun\u00ebs s\u00eb ushtruar ndaj mjek\u00ebve, nisur nga rasti i m\u00eb i fundit n\u00eb Lezh\u00eb ku u dhunua mjeku dermatolog n\u00eb spitalin e Lezh\u00ebs, Zef Doda. N\u00eb shenj\u00eb solidariteti ndaj mjekut Zef Doda koleg\u00ebt e tij dhe stafi i spitalit kan\u00eb k\u00ebrkuar q\u00eb [&hellip;]<\/p>\n","protected":false},"author":4,"featured_media":72924,"comment_status":"open","ping_status":"closed","sticky":false,"template":"","format":"standard","meta":{"footnotes":""},"categories":[241,231,235],"tags":[],"class_list":{"0":"post-72923","1":"post","2":"type-post","3":"status-publish","4":"format-standard","5":"has-post-thumbnail","7":"category-aktualitet","8":"category-lajme","9":"category-vendi"},"_links":{"self":[{"href":"https:\/\/zjarr.tv\/en\/wp-json\/wp\/v2\/posts\/72923","targetHints":{"allow":["GET"]}}],"collection":[{"href":"https:\/\/zjarr.tv\/en\/wp-json\/wp\/v2\/posts"}],"about":[{"href":"https:\/\/zjarr.tv\/en\/wp-json\/wp\/v2\/types\/post"}],"author":[{"embeddable":true,"href":"https:\/\/zjarr.tv\/en\/wp-json\/wp\/v2\/users\/4"}],"replies":[{"embeddable":true,"href":"https:\/\/zjarr.tv\/en\/wp-json\/wp\/v2\/comments?post=72923"}],"version-history":[{"count":0,"href":"https:\/\/zjarr.tv\/en\/wp-json\/wp\/v2\/posts\/72923\/revisions"}],"wp:featuredmedia":[{"embeddable":true,"href":"https:\/\/zjarr.tv\/en\/wp-json\/wp\/v2\/media\/72924"}],"wp:attachment":[{"href":"https:\/\/zjarr.tv\/en\/wp-json\/wp\/v2\/media?parent=72923"}],"wp:term":[{"taxonomy":"category","embeddable":true,"href":"https:\/\/zjarr.tv\/en\/wp-json\/wp\/v2\/categories?post=72923"},{"taxonomy":"post_tag","embeddable":true,"href":"https:\/\/zjarr.tv\/en\/wp-json\/wp\/v2\/tags?post=72923"}],"curies":[{"name":"wp","href":"https:\/\/api.w.org\/{rel}","templated":true}]}}