{"id":72928,"date":"2019-03-08T14:09:29","date_gmt":"2019-03-08T13:09:29","guid":{"rendered":"https:\/\/zjarr.tv\/?p=72928"},"modified":"2019-03-08T14:09:29","modified_gmt":"2019-03-08T13:09:29","slug":"aktualitetmes-humorit-jep-mesazh-per-politiken-paja-ti-i-thua-kur-do-flasim-ajo-te-hedh-cizmen","status":"publish","type":"post","link":"https:\/\/zjarr.tv\/en\/aktualitetmes-humorit-jep-mesazh-per-politiken-paja-ti-i-thua-kur-do-flasim-ajo-te-hedh-cizmen\/","title":{"rendered":"AktualitetMes humorit jep mesazh p\u00ebr politik\u00ebn, Paja: Ti i thua kur do flasim, ajo t\u00eb hedh \u00e7izmen"},"content":{"rendered":"<p>Kryeministri i Shqip\u00ebris\u00eb, Edi Rama ndodhet sot n\u00eb Fier, ku po zhvillohet nj\u00eb takim me rastin e 8-Marsit.<\/p>\n<p>I pranish\u00ebm ka qen\u00eb dhe aktori i njohur i humorit, Gazmend Paja. Me humorin e tij, Paja foli p\u00ebr dit\u00ebn e Gruas, duke theksuar se ndon\u00ebse kjo dit\u00eb e ka zanafill\u00ebn nga protesta, grat\u00eb b\u00ebjn\u00eb mir\u00eb q\u00eb festojn\u00eb pasi kan\u00eb punuar boll. Nd\u00ebrkoh\u00eb q\u00eb aktori mes ironis\u00eb ai shpreh: \u201cKur do flasim\u201d, \u2013 p\u00ebrs\u00ebriti disa her\u00eb Paja, fraz\u00eb kjo e p\u00ebrdorur s\u00eb fundmi nga kryeministri Edi Rama p\u00ebr opozit\u00ebn.<\/p>\n<p>\u201cTi i thua moj dale kur do flasim dhe ajo t\u00eb hedh \u00e7izmen nga koka. Po dale ka vend p\u00ebr durim k\u00ebtu.<\/p>\n<p>Mir\u00eb b\u00ebni q\u00eb festoni se keni punuar pafund. Madje edhe p\u00ebr grat\u00eb e papuna p\u00ebr mij\u00ebra hektar\u00eb dysheme t\u00eb lar\u00eb, mij\u00ebra pjata. E dini ju q\u00eb n\u00eb t\u00eb shkuar\u00ebn disa gra e kan\u00eb pas p\u00ebr mburrje ti mbanin burrat pa pun\u00eb. K\u00ebshtu q\u00eb kur do flasim?\u201d, \u2013 tha nd\u00ebr t\u00eb tjera Paja.<\/p>\n<p>Kujtojm\u00eb k\u00ebtu se, opozita ka organizuar nj\u00eb\u00a0protest\u00eb n\u00eb Fier. Qytetar\u00ebt dhe mb\u00ebshtet\u00ebs t\u00eb opozit\u00ebs, t\u00eb drejtuar nga \u00a0kryetari i deg\u00ebs, Luan Ba\u00e7i kan\u00eb tentuar t\u00eb thyejn\u00eb kordonin e policis\u00eb, pasi k\u00ebrkuan t\u00eb shkojn\u00eb n\u00eb takimin e kryeministrit Edi Rama.<\/p>","protected":false},"excerpt":{"rendered":"<p>Kryeministri i Shqip\u00ebris\u00eb, Edi Rama ndodhet sot n\u00eb Fier, ku po zhvillohet nj\u00eb takim me rastin e 8-Marsit. I pranish\u00ebm ka qen\u00eb dhe aktori i njohur i humorit, Gazmend Paja. Me humorin e tij, Paja foli p\u00ebr dit\u00ebn e Gruas, duke theksuar se ndon\u00ebse kjo dit\u00eb e ka zanafill\u00ebn nga protesta, grat\u00eb b\u00ebjn\u00eb mir\u00eb q\u00eb [&hellip;]<\/p>\n","protected":false},"author":4,"featured_media":0,"comment_status":"open","ping_status":"closed","sticky":false,"template":"","format":"standard","meta":{"footnotes":""},"categories":[241,231,235],"tags":[],"class_list":{"0":"post-72928","1":"post","2":"type-post","3":"status-publish","4":"format-standard","6":"category-aktualitet","7":"category-lajme","8":"category-vendi"},"_links":{"self":[{"href":"https:\/\/zjarr.tv\/en\/wp-json\/wp\/v2\/posts\/72928","targetHints":{"allow":["GET"]}}],"collection":[{"href":"https:\/\/zjarr.tv\/en\/wp-json\/wp\/v2\/posts"}],"about":[{"href":"https:\/\/zjarr.tv\/en\/wp-json\/wp\/v2\/types\/post"}],"author":[{"embeddable":true,"href":"https:\/\/zjarr.tv\/en\/wp-json\/wp\/v2\/users\/4"}],"replies":[{"embeddable":true,"href":"https:\/\/zjarr.tv\/en\/wp-json\/wp\/v2\/comments?post=72928"}],"version-history":[{"count":0,"href":"https:\/\/zjarr.tv\/en\/wp-json\/wp\/v2\/posts\/72928\/revisions"}],"wp:attachment":[{"href":"https:\/\/zjarr.tv\/en\/wp-json\/wp\/v2\/media?parent=72928"}],"wp:term":[{"taxonomy":"category","embeddable":true,"href":"https:\/\/zjarr.tv\/en\/wp-json\/wp\/v2\/categories?post=72928"},{"taxonomy":"post_tag","embeddable":true,"href":"https:\/\/zjarr.tv\/en\/wp-json\/wp\/v2\/tags?post=72928"}],"curies":[{"name":"wp","href":"https:\/\/api.w.org\/{rel}","templated":true}]}}