{"id":72934,"date":"2019-03-08T14:18:23","date_gmt":"2019-03-08T13:18:23","guid":{"rendered":"https:\/\/zjarr.tv\/?p=72934"},"modified":"2019-03-08T14:18:23","modified_gmt":"2019-03-08T13:18:23","slug":"kryemadhi-urim-te-ndjere-qofshi-te-lumtura-grate-e-shqiperise","status":"publish","type":"post","link":"https:\/\/zjarr.tv\/en\/kryemadhi-urim-te-ndjere-qofshi-te-lumtura-grate-e-shqiperise\/","title":{"rendered":"Kryemadhi urim t\u00eb ndjer\u00eb: Qofshi t\u00eb lumtura grat\u00eb e Shqip\u00ebris\u00eb"},"content":{"rendered":"<p>Kryetarja e LSI-s\u00eb Monika Kryemadhi ka zgjedhur t\u00eb uroj\u00eb t\u00eb gjith\u00eb femrat shqiptare n\u00eb kuad\u00ebr t\u00eb 8 Marsit, me nj\u00eb urim t\u00eb ndjer\u00eb. Kryemadhi n\u00eb urimin e saj publikuar n\u00eb \u2018Facebook\u2019, \u00a0ndalet te sakrificat e femrave, t\u00eb cilat i cil\u00ebson si rim\u00ebshirim i paqes.<\/p>\n<p>Kryetarja e LSI-s\u00eb shprehet se femrat jan\u00eb t\u00eb bukura n\u00eb lodhjen e tyre dhe aq m\u00eb tep\u00ebr q\u00eb p\u00ebrpiqen fort p\u00ebr familjet e tyre.<\/p>\n<p>\u201cQoft\u00eb i diellt\u00eb si ky 8 mars \u00e7do dit\u00eb e grave shqiptare! E n\u00ebnave tona q\u00eb me sakrific\u00eb sublime na kan\u00eb rritur e shkolluar n\u00eb kushte tejet t\u00eb v\u00ebshtira.<\/p>\n<p>E n\u00ebnave dhe grave q\u00eb vuajt\u00ebn n\u00eb ferrin komunist, q\u00eb mes torturave dhe internimeve sakrifikuan p\u00ebr bijt\u00eb e tyre!<br \/>\nQofshin t\u00eb diellta t\u00eb gjith\u00eb dit\u00ebt e vitit p\u00ebr ato gra e vajza q\u00eb p\u00ebrpiqen fort p\u00ebr familjet e tyre! Q\u00eb \u00e7do dit\u00eb sakrifikojn\u00eb p\u00ebr nj\u00eb t\u00eb ardhme m\u00eb t\u00eb mir\u00eb p\u00ebr f\u00ebmij\u00ebt e tyre. P\u00ebr ato gra q\u00eb shpesh harrojn\u00eb veten p\u00ebr\u00a0familjet, q\u00eb gjejn\u00eb koh\u00ebn t\u00eb jen\u00eb zonja t\u00eb sht\u00ebpis\u00eb, n\u00ebna dhe bashk\u00ebshorte.<\/p>\n<p>Q\u00eb jan\u00eb t\u00eb bukura n\u00eb lodhjen e tyre dhe t\u00eb shenjta n\u00eb p\u00ebrpjekjet p\u00ebr t\u00eb mbrojtur familjet!<br \/>\nQofshi t\u00eb lumtura grat\u00eb e Shqip\u00ebris\u00eb kudo ku jeni! Zoti ju dh\u00ebnt\u00eb forc\u00eb e kurajo p\u00ebr t\u00eb p\u00ebrballuar sfidat e v\u00ebshtira t\u00eb jet\u00ebs.<br \/>\nJu jeni burimi i jet\u00ebs dhe mish\u00ebrimi i paqes, ndaj meritoni t\u00eb keni \u00e7do dit\u00eb nga nj\u00eb urim dhe falenderim p\u00ebr at\u00eb q\u00eb jeni!\u201d-shkruan Kryemadhi.<\/p>","protected":false},"excerpt":{"rendered":"<p>Kryetarja e LSI-s\u00eb Monika Kryemadhi ka zgjedhur t\u00eb uroj\u00eb t\u00eb gjith\u00eb femrat shqiptare n\u00eb kuad\u00ebr t\u00eb 8 Marsit, me nj\u00eb urim t\u00eb ndjer\u00eb. Kryemadhi n\u00eb urimin e saj publikuar n\u00eb \u2018Facebook\u2019, \u00a0ndalet te sakrificat e femrave, t\u00eb cilat i cil\u00ebson si rim\u00ebshirim i paqes. Kryetarja e LSI-s\u00eb shprehet se femrat jan\u00eb t\u00eb bukura n\u00eb lodhjen [&hellip;]<\/p>\n","protected":false},"author":4,"featured_media":72935,"comment_status":"open","ping_status":"closed","sticky":false,"template":"","format":"standard","meta":{"footnotes":""},"categories":[241,231,235],"tags":[],"class_list":{"0":"post-72934","1":"post","2":"type-post","3":"status-publish","4":"format-standard","5":"has-post-thumbnail","7":"category-aktualitet","8":"category-lajme","9":"category-vendi"},"_links":{"self":[{"href":"https:\/\/zjarr.tv\/en\/wp-json\/wp\/v2\/posts\/72934","targetHints":{"allow":["GET"]}}],"collection":[{"href":"https:\/\/zjarr.tv\/en\/wp-json\/wp\/v2\/posts"}],"about":[{"href":"https:\/\/zjarr.tv\/en\/wp-json\/wp\/v2\/types\/post"}],"author":[{"embeddable":true,"href":"https:\/\/zjarr.tv\/en\/wp-json\/wp\/v2\/users\/4"}],"replies":[{"embeddable":true,"href":"https:\/\/zjarr.tv\/en\/wp-json\/wp\/v2\/comments?post=72934"}],"version-history":[{"count":0,"href":"https:\/\/zjarr.tv\/en\/wp-json\/wp\/v2\/posts\/72934\/revisions"}],"wp:featuredmedia":[{"embeddable":true,"href":"https:\/\/zjarr.tv\/en\/wp-json\/wp\/v2\/media\/72935"}],"wp:attachment":[{"href":"https:\/\/zjarr.tv\/en\/wp-json\/wp\/v2\/media?parent=72934"}],"wp:term":[{"taxonomy":"category","embeddable":true,"href":"https:\/\/zjarr.tv\/en\/wp-json\/wp\/v2\/categories?post=72934"},{"taxonomy":"post_tag","embeddable":true,"href":"https:\/\/zjarr.tv\/en\/wp-json\/wp\/v2\/tags?post=72934"}],"curies":[{"name":"wp","href":"https:\/\/api.w.org\/{rel}","templated":true}]}}