{"id":72942,"date":"2019-03-08T14:26:35","date_gmt":"2019-03-08T13:26:35","guid":{"rendered":"https:\/\/zjarr.tv\/?p=72942"},"modified":"2019-03-08T14:26:35","modified_gmt":"2019-03-08T13:26:35","slug":"do-vazhdoje-te-jete-deputete-rudina-hajdari-flet-nga-shkodra","status":"publish","type":"post","link":"https:\/\/zjarr.tv\/en\/do-vazhdoje-te-jete-deputete-rudina-hajdari-flet-nga-shkodra\/","title":{"rendered":"Do vazhdoj\u00eb t\u00eb jet\u00eb deputete? Rudina Hajdari flet nga Shkodra"},"content":{"rendered":"<p>Deputetja e PD-s\u00eb Rudina Hajdari n\u00eb Dit\u00ebn e Gruas p\u00ebrtej urimeve p\u00ebr femrat ka folur edhe rreth mandatit t\u00eb saj si deputete. N\u00eb nj\u00eb prononcim Hajdari \u00ebsht\u00eb shprehur se femrat dhe vajzat n\u00eb Shqip\u00ebri kan\u00eb mund\u00ebsi t\u00eb b\u00ebjn\u00eb \u00ebndrrat e tyre realitet. E pyetur n\u00ebse do t\u00eb braktis\u00eb mandatin e deputetes, Hajdari nuk pranoi t\u00eb komentonte, nd\u00ebrsa sqaroi\u00a0 se p\u00ebrgjigjia e saj nuk \u00ebsht\u00eb si deputete, por si qytetare.<\/p>\n<p>\u201cT\u00eb gjitha ato gra dhe vajza t\u00eb ndjejn\u00eb \u00a0q\u00eb mund t\u2019i b\u00ebjn\u00eb \u00ebndrrat e tyre realitet dhe t\u00eb jen\u00eb ato gra q\u00eb e \u00a0ndryshojn\u00eb vizionin e Shqip\u00ebris\u00eb dhe ta \u00e7ojn\u00eb Shqip\u00ebrin\u00eb n\u00eb Bashkimin Europian.\u201d,- tha Hajdari.<\/p>\n<div id=\"videoad\"><\/div>\n<p><strong>\u00a0Po si deputete, do vazhdoni ta mbani at\u00eb mandat?<\/strong><\/p>\n<p>Jo, fola si qytetare e Shqip\u00ebris\u00eb.<\/p>","protected":false},"excerpt":{"rendered":"<p>Deputetja e PD-s\u00eb Rudina Hajdari n\u00eb Dit\u00ebn e Gruas p\u00ebrtej urimeve p\u00ebr femrat ka folur edhe rreth mandatit t\u00eb saj si deputete. N\u00eb nj\u00eb prononcim Hajdari \u00ebsht\u00eb shprehur se femrat dhe vajzat n\u00eb Shqip\u00ebri kan\u00eb mund\u00ebsi t\u00eb b\u00ebjn\u00eb \u00ebndrrat e tyre realitet. E pyetur n\u00ebse do t\u00eb braktis\u00eb mandatin e deputetes, Hajdari nuk pranoi t\u00eb [&hellip;]<\/p>\n","protected":false},"author":4,"featured_media":54116,"comment_status":"open","ping_status":"closed","sticky":false,"template":"","format":"standard","meta":{"footnotes":""},"categories":[241,231,235],"tags":[],"class_list":{"0":"post-72942","1":"post","2":"type-post","3":"status-publish","4":"format-standard","5":"has-post-thumbnail","7":"category-aktualitet","8":"category-lajme","9":"category-vendi"},"_links":{"self":[{"href":"https:\/\/zjarr.tv\/en\/wp-json\/wp\/v2\/posts\/72942","targetHints":{"allow":["GET"]}}],"collection":[{"href":"https:\/\/zjarr.tv\/en\/wp-json\/wp\/v2\/posts"}],"about":[{"href":"https:\/\/zjarr.tv\/en\/wp-json\/wp\/v2\/types\/post"}],"author":[{"embeddable":true,"href":"https:\/\/zjarr.tv\/en\/wp-json\/wp\/v2\/users\/4"}],"replies":[{"embeddable":true,"href":"https:\/\/zjarr.tv\/en\/wp-json\/wp\/v2\/comments?post=72942"}],"version-history":[{"count":0,"href":"https:\/\/zjarr.tv\/en\/wp-json\/wp\/v2\/posts\/72942\/revisions"}],"wp:featuredmedia":[{"embeddable":true,"href":"https:\/\/zjarr.tv\/en\/wp-json\/wp\/v2\/media\/54116"}],"wp:attachment":[{"href":"https:\/\/zjarr.tv\/en\/wp-json\/wp\/v2\/media?parent=72942"}],"wp:term":[{"taxonomy":"category","embeddable":true,"href":"https:\/\/zjarr.tv\/en\/wp-json\/wp\/v2\/categories?post=72942"},{"taxonomy":"post_tag","embeddable":true,"href":"https:\/\/zjarr.tv\/en\/wp-json\/wp\/v2\/tags?post=72942"}],"curies":[{"name":"wp","href":"https:\/\/api.w.org\/{rel}","templated":true}]}}