{"id":72947,"date":"2019-03-08T15:14:26","date_gmt":"2019-03-08T14:14:26","guid":{"rendered":"https:\/\/zjarr.tv\/?p=72947"},"modified":"2019-03-08T15:14:26","modified_gmt":"2019-03-08T14:14:26","slug":"greqi-perleshje-ne-burg","status":"publish","type":"post","link":"https:\/\/zjarr.tv\/en\/greqi-perleshje-ne-burg\/","title":{"rendered":"Greqi, p\u00ebrleshje n\u00eb burg"},"content":{"rendered":"<p>Nj\u00eb i vdekur dhe 8 t\u00eb plagosur \u00ebsht\u00eb bilanci i nj\u00eb sherri t\u00eb ndodhur n\u00eb burgun e Karidallos n\u00eb Greqi. Mediat greke raportojn\u00eb se p\u00ebrleshja n\u00eb burg ndodhi mes t\u00eb burgosurve gjerogjian\u00eb. Nuk dihen ende arsyet pse dhe si nisi konflikti. Ambulanca shkoi n\u00eb vendin e ngjarjes p\u00ebr t\u00eb transportuar t\u00eb plagosurit.<\/p>","protected":false},"excerpt":{"rendered":"<p>Nj\u00eb i vdekur dhe 8 t\u00eb plagosur \u00ebsht\u00eb bilanci i nj\u00eb sherri t\u00eb ndodhur n\u00eb burgun e Karidallos n\u00eb Greqi. Mediat greke raportojn\u00eb se p\u00ebrleshja n\u00eb burg ndodhi mes t\u00eb burgosurve gjerogjian\u00eb. Nuk dihen ende arsyet pse dhe si nisi konflikti. Ambulanca shkoi n\u00eb vendin e ngjarjes p\u00ebr t\u00eb transportuar t\u00eb plagosurit.<\/p>","protected":false},"author":2013,"featured_media":0,"comment_status":"open","ping_status":"closed","sticky":false,"template":"","format":"standard","meta":{"footnotes":""},"categories":[241,2],"tags":[],"class_list":{"0":"post-72947","1":"post","2":"type-post","3":"status-publish","4":"format-standard","6":"category-aktualitet","7":"category-rajoni"},"_links":{"self":[{"href":"https:\/\/zjarr.tv\/en\/wp-json\/wp\/v2\/posts\/72947","targetHints":{"allow":["GET"]}}],"collection":[{"href":"https:\/\/zjarr.tv\/en\/wp-json\/wp\/v2\/posts"}],"about":[{"href":"https:\/\/zjarr.tv\/en\/wp-json\/wp\/v2\/types\/post"}],"author":[{"embeddable":true,"href":"https:\/\/zjarr.tv\/en\/wp-json\/wp\/v2\/users\/2013"}],"replies":[{"embeddable":true,"href":"https:\/\/zjarr.tv\/en\/wp-json\/wp\/v2\/comments?post=72947"}],"version-history":[{"count":0,"href":"https:\/\/zjarr.tv\/en\/wp-json\/wp\/v2\/posts\/72947\/revisions"}],"wp:attachment":[{"href":"https:\/\/zjarr.tv\/en\/wp-json\/wp\/v2\/media?parent=72947"}],"wp:term":[{"taxonomy":"category","embeddable":true,"href":"https:\/\/zjarr.tv\/en\/wp-json\/wp\/v2\/categories?post=72947"},{"taxonomy":"post_tag","embeddable":true,"href":"https:\/\/zjarr.tv\/en\/wp-json\/wp\/v2\/tags?post=72947"}],"curies":[{"name":"wp","href":"https:\/\/api.w.org\/{rel}","templated":true}]}}