{"id":72950,"date":"2019-03-08T15:20:19","date_gmt":"2019-03-08T14:20:19","guid":{"rendered":"https:\/\/zjarr.tv\/?p=72950"},"modified":"2019-03-08T15:20:19","modified_gmt":"2019-03-08T14:20:19","slug":"lirohen-pas-30-viteve-per-abort","status":"publish","type":"post","link":"https:\/\/zjarr.tv\/en\/lirohen-pas-30-viteve-per-abort\/","title":{"rendered":"Lirohen pas 30 viteve, p\u00ebr abort"},"content":{"rendered":"<p><em>Tre gra t\u00eb d\u00ebnuara me 30 vite burg n\u00eb El Salvador me akuz\u00ebn e abortit, jan\u00eb liruar nga qelia. Ky 8 mars i gjeti ato pran\u00eb f\u00ebmij\u00ebve dhe familjar\u00ebve t\u00eb tyre. Gjykata vendosi t\u00eb enjten t\u00eb zbus\u00eb d\u00ebnimin e tyre duke b\u00ebr\u00eb t\u00eb mundur daljen nga qelia.<\/em><\/p>\n<p>Alba Lorena Rodriguez p\u00ebrqafoi dy vajzat e saj 11 dhe 14 vje\u00e7e, si grua e lir\u00eb pas gati nj\u00eb dekade.<\/p>\n<p>Q\u00eb prej vitit 2010, ajo ishte prapa hekurave duke vuajtur d\u00ebnimin n\u00eb nj\u00eb burg n\u00eb El Salvador, pasi akuzohej se kishte kryer abort.<\/p>\n<p>39-vje\u00e7arja u lirua t\u00eb enjten nga burgu, pasi gjykata supreme i uli d\u00ebnimin me 30 vite.<\/p>\n<p><em>\u201cFalenderojm\u00eb qytetar\u00ebt, organizatat komb\u00ebtare dhe nd\u00ebrkomb\u00ebtare q\u00eb na kan\u00eb mb\u00ebshtetur dhe shpresojm\u00eb q\u00eb shteti t\u00eb pranoj\u00eb se k\u00ebtu ka shum\u00eb gra t\u00eb pafajshme dhe me vullnetin e zotit nj\u00eb dit\u00eb t\u00eb mund t\u00eb fitojn\u00eb lirin\u00eb e tyre,\u201d tha pas daljes nga burgu Rodriguez.<\/em><\/p>\n<p>Po ashtu dy gra t\u00eb tjera, Maria del transito Orellana dhe Cinthia Marcela Rodriguez, t\u00eb d\u00ebnuara me akuz\u00ebn e abortit, u lan\u00eb t\u00eb lira k\u00ebt\u00eb t\u00eb enjte, nj\u00eb vendim q\u00eb u konsiderua nga aktivist\u00ebt e t\u00eb drejtave t\u00eb grave si arritje.<\/p>\n<p>Q\u00eb kur Amerika Q\u00ebndrore ndaloi abortin n\u00eb \u00e7far\u00ebdolloj rrethane n\u00eb vitin 1998, dhjet\u00ebra gra jan\u00eb d\u00ebnuar deri n\u00eb 30 vite p\u00ebr krime t\u00eb lidhura me abortin.<\/p>\n<p>Avokat\u00ebt e 3 grave t\u00eb liruara, deklaruan se ato pat\u00ebn nj\u00eb emergjenc\u00eb obstetrike n\u00eb tremujorin e dyt\u00eb ose t\u00eb tret\u00eb t\u00eb shtatzanis\u00eb s\u00eb tyre.<\/p>\n<p>Por shteti i El Salvador i akuzoi p\u00ebr vrasje. Tre grat\u00eb e liruara jan\u00eb an\u00ebtare t\u00eb \u201c Las 17\u201d.<\/p>\n<p>&nbsp;<\/p>\n<p>&nbsp;<\/p>","protected":false},"excerpt":{"rendered":"<p>Tre gra t\u00eb d\u00ebnuara me 30 vite burg n\u00eb El Salvador me akuz\u00ebn e abortit, jan\u00eb liruar nga qelia. Ky 8 mars i gjeti ato pran\u00eb f\u00ebmij\u00ebve dhe familjar\u00ebve t\u00eb tyre. Gjykata vendosi t\u00eb enjten t\u00eb zbus\u00eb d\u00ebnimin e tyre duke b\u00ebr\u00eb t\u00eb mundur daljen nga qelia. Alba Lorena Rodriguez p\u00ebrqafoi dy vajzat e saj [&hellip;]<\/p>\n","protected":false},"author":2013,"featured_media":0,"comment_status":"open","ping_status":"closed","sticky":false,"template":"","format":"standard","meta":{"footnotes":""},"categories":[241,191],"tags":[],"class_list":{"0":"post-72950","1":"post","2":"type-post","3":"status-publish","4":"format-standard","6":"category-aktualitet","7":"category-bota"},"_links":{"self":[{"href":"https:\/\/zjarr.tv\/en\/wp-json\/wp\/v2\/posts\/72950","targetHints":{"allow":["GET"]}}],"collection":[{"href":"https:\/\/zjarr.tv\/en\/wp-json\/wp\/v2\/posts"}],"about":[{"href":"https:\/\/zjarr.tv\/en\/wp-json\/wp\/v2\/types\/post"}],"author":[{"embeddable":true,"href":"https:\/\/zjarr.tv\/en\/wp-json\/wp\/v2\/users\/2013"}],"replies":[{"embeddable":true,"href":"https:\/\/zjarr.tv\/en\/wp-json\/wp\/v2\/comments?post=72950"}],"version-history":[{"count":0,"href":"https:\/\/zjarr.tv\/en\/wp-json\/wp\/v2\/posts\/72950\/revisions"}],"wp:attachment":[{"href":"https:\/\/zjarr.tv\/en\/wp-json\/wp\/v2\/media?parent=72950"}],"wp:term":[{"taxonomy":"category","embeddable":true,"href":"https:\/\/zjarr.tv\/en\/wp-json\/wp\/v2\/categories?post=72950"},{"taxonomy":"post_tag","embeddable":true,"href":"https:\/\/zjarr.tv\/en\/wp-json\/wp\/v2\/tags?post=72950"}],"curies":[{"name":"wp","href":"https:\/\/api.w.org\/{rel}","templated":true}]}}