{"id":72953,"date":"2019-03-08T15:22:49","date_gmt":"2019-03-08T14:22:49","guid":{"rendered":"https:\/\/zjarr.tv\/?p=72953"},"modified":"2019-03-08T15:22:49","modified_gmt":"2019-03-08T14:22:49","slug":"kete-8-mars-italia-ne-greve-kombetare","status":"publish","type":"post","link":"https:\/\/zjarr.tv\/en\/kete-8-mars-italia-ne-greve-kombetare\/","title":{"rendered":"K\u00ebt\u00eb 8 mars Italia n\u00eb grev\u00eb komb\u00ebtare"},"content":{"rendered":"<p>Ky \u00ebsht\u00eb nj\u00eb 8 \u00a0mars \u201cluftimi\u201d p\u00ebr t\u00eb drejtat, \u201cnj\u00eb grev\u00eb e p\u00ebrgjithshme feministe\u201d, ajo q\u00eb shihet n\u00eb shum\u00eb sheshe italiane, por edhe n\u00eb 60 vende t\u00eb tjera, t\u00eb cilat jan\u00eb ngjyrosur me ngjyr\u00ebn roz\u00eb. Konfederata e bashkuar dhe Unioni Sindikal kan\u00eb lajm\u00ebruar nj\u00eb grev\u00eb t\u00eb p\u00ebrgjithshme komb\u00ebtare 24 or\u00ebshe q\u00eb prek t\u00eb gjitha kategorit\u00eb publike dhe private t\u00eb pun\u00ebtor\u00ebve. Objektivi \u00ebsht\u00eb p\u00ebr t\u00eb k\u00ebrkuar m\u00eb shum\u00eb t\u00eb drejta dhe barazi p\u00ebr grat\u00eb. Parashikohet q\u00eb di\u00e7ka e till\u00eb t\u00eb ket\u00eb pasoja n\u00eb sh\u00ebrbimet publike, sidomos n\u00eb transport.<\/p>\n<p><strong>Pretendimet \u2013<\/strong>\u00a0N\u00eb nj\u00eb sh\u00ebnim, sindikatat kan\u00eb listuar t\u00eb gjitha pretendimet e grev\u00ebs s\u00eb p\u00ebrgjithshme: \u201cDhuna mashkullore mbi grat\u00eb, diskriminimi i gjinis\u00eb, kund\u00ebr pasiguris\u00eb dhe privatizimit t\u00eb Welfare (mb\u00ebshtetja e qeveris\u00eb ndaj qytetar\u00ebve), e drejta n\u00eb sh\u00ebrbimet publike falas dhe t\u00eb aksesueshme, trash\u00ebgimia universal dhe e pakusht\u00ebzuar, n\u00eb sht\u00ebpi, n\u00eb pun\u00eb, n\u00eb barazi p\u00ebrsa i p\u00ebrket rrog\u00ebs, edukimi shkollor, liria e l\u00ebvizjes, p\u00ebr politikat q\u00eb mb\u00ebshtesin m\u00ebm\u00ebsin\u00eb dhe at\u00ebsin\u00eb e ndar\u00eb n\u00eb m\u00ebnyr\u00eb t\u00eb barabart\u00eb.\u201d<\/p>\n<p>&nbsp;<\/p>","protected":false},"excerpt":{"rendered":"<p>Ky \u00ebsht\u00eb nj\u00eb 8 \u00a0mars \u201cluftimi\u201d p\u00ebr t\u00eb drejtat, \u201cnj\u00eb grev\u00eb e p\u00ebrgjithshme feministe\u201d, ajo q\u00eb shihet n\u00eb shum\u00eb sheshe italiane, por edhe n\u00eb 60 vende t\u00eb tjera, t\u00eb cilat jan\u00eb ngjyrosur me ngjyr\u00ebn roz\u00eb. Konfederata e bashkuar dhe Unioni Sindikal kan\u00eb lajm\u00ebruar nj\u00eb grev\u00eb t\u00eb p\u00ebrgjithshme komb\u00ebtare 24 or\u00ebshe q\u00eb prek t\u00eb gjitha kategorit\u00eb [&hellip;]<\/p>\n","protected":false},"author":2013,"featured_media":0,"comment_status":"open","ping_status":"closed","sticky":false,"template":"","format":"standard","meta":{"footnotes":""},"categories":[241,191],"tags":[],"class_list":{"0":"post-72953","1":"post","2":"type-post","3":"status-publish","4":"format-standard","6":"category-aktualitet","7":"category-bota"},"_links":{"self":[{"href":"https:\/\/zjarr.tv\/en\/wp-json\/wp\/v2\/posts\/72953","targetHints":{"allow":["GET"]}}],"collection":[{"href":"https:\/\/zjarr.tv\/en\/wp-json\/wp\/v2\/posts"}],"about":[{"href":"https:\/\/zjarr.tv\/en\/wp-json\/wp\/v2\/types\/post"}],"author":[{"embeddable":true,"href":"https:\/\/zjarr.tv\/en\/wp-json\/wp\/v2\/users\/2013"}],"replies":[{"embeddable":true,"href":"https:\/\/zjarr.tv\/en\/wp-json\/wp\/v2\/comments?post=72953"}],"version-history":[{"count":0,"href":"https:\/\/zjarr.tv\/en\/wp-json\/wp\/v2\/posts\/72953\/revisions"}],"wp:attachment":[{"href":"https:\/\/zjarr.tv\/en\/wp-json\/wp\/v2\/media?parent=72953"}],"wp:term":[{"taxonomy":"category","embeddable":true,"href":"https:\/\/zjarr.tv\/en\/wp-json\/wp\/v2\/categories?post=72953"},{"taxonomy":"post_tag","embeddable":true,"href":"https:\/\/zjarr.tv\/en\/wp-json\/wp\/v2\/tags?post=72953"}],"curies":[{"name":"wp","href":"https:\/\/api.w.org\/{rel}","templated":true}]}}