{"id":72956,"date":"2019-03-08T15:25:51","date_gmt":"2019-03-08T14:25:51","guid":{"rendered":"https:\/\/zjarr.tv\/?p=72956"},"modified":"2019-03-08T15:25:51","modified_gmt":"2019-03-08T14:25:51","slug":"e-ardhmja-e-portierit-strakosha-mund-te-jete-ne-ishull","status":"publish","type":"post","link":"https:\/\/zjarr.tv\/en\/e-ardhmja-e-portierit-strakosha-mund-te-jete-ne-ishull\/","title":{"rendered":"E ardhmja e portierit Strakosha mund t\u00eb jet\u00eb n\u00eb ishull"},"content":{"rendered":"<p>&nbsp;<\/p>\n<p>Klubi i Premier League, Tottenham ka shfaqur interes p\u00ebr shqiptarin, i cili konsiderohet gjer\u00ebsisht si nj\u00eb nd\u00ebr portiert e rinj m\u00eb t\u00eb talentuar t\u00eb kampionatin italian.\u00a0 Me performancat e tij, 23-vjecari ka fituar interesin e disa klubeve t\u00eb r\u00ebnd\u00ebsishme n\u00eb Europ\u00eb dhe &#8220;gjelat&#8221; po e monitoronjn\u00ebme kujdes situat\u00ebn e portierit t\u00eb komb\u00ebtares shqiptare. Klubi i Premier League ka nj\u00eb portier t\u00eb klasit bot\u00ebror si kapiteni Hugo Lloris q\u00eb fitoi Kup\u00ebn e Bot\u00ebs n\u00eb Rusi 2018, por jan\u00eb n\u00eb k\u00ebrkim p\u00ebr pasardh\u00ebsin e tij dhe Strakosha \u00ebsht\u00eb n\u00eb list\u00ebn e ngusht\u00eb t\u00eb drejtuesve t\u00eb Tottenham si z\u00ebvend\u00ebsuesi i francezit. Megjithat\u00eb, p\u00ebr t\u00eb n\u00ebnshkruar me 23-vje\u00e7arin anglez\u00ebt do t\u00eb p\u00ebrballet me kund\u00ebrshtimin e presidentit Claudio Lotito dhe drejtori sportiv Igli Tare, t\u00eb cil\u00ebt nuk d\u00ebshirojn\u00eb t\u00eb largojn\u00eb nga skuadra nj\u00eb portier t\u00eb prespektiv\u00ebs. Me presidentin Lotito \u00ebsht\u00eb shum\u00eb e v\u00ebshtir\u00eb t\u00eb negociosh, por n\u00eb rast se Spurs b\u00ebn ofert\u00ebn e duhur gjith\u00e7ka mund t\u00eb ndodh. Strakosha, i cili e ka ruajtur rrjet\u00ebn t\u00eb paprekur n\u00eb tet\u00eb ndeshje n\u00eb Serie A k\u00ebt\u00eb sezon, ishte i lidhur me nj\u00eb l\u00ebvizje n\u00eb Liverpool gjat\u00eb ver\u00ebs s\u00eb kaluar para se t\u00eb kuqt\u00eb t\u00eb n\u00ebnshkruanin me Alisson Becker dhe besohet t\u00eb jet\u00eb ende nj\u00eb objektiv p\u00ebr Jurgen Klopp mes dyshimeve mbi t\u00eb ardhmen e Simon Mignolet.<\/p>\n<p>&nbsp;<\/p>","protected":false},"excerpt":{"rendered":"<p>&nbsp; Klubi i Premier League, Tottenham ka shfaqur interes p\u00ebr shqiptarin, i cili konsiderohet gjer\u00ebsisht si nj\u00eb nd\u00ebr portiert e rinj m\u00eb t\u00eb talentuar t\u00eb kampionatin italian.\u00a0 Me performancat e tij, 23-vjecari ka fituar interesin e disa klubeve t\u00eb r\u00ebnd\u00ebsishme n\u00eb Europ\u00eb dhe &#8220;gjelat&#8221; po e monitoronjn\u00ebme kujdes situat\u00ebn e portierit t\u00eb komb\u00ebtares shqiptare. Klubi [&hellip;]<\/p>\n","protected":false},"author":2013,"featured_media":39252,"comment_status":"open","ping_status":"closed","sticky":false,"template":"","format":"standard","meta":{"footnotes":""},"categories":[241,192],"tags":[],"class_list":{"0":"post-72956","1":"post","2":"type-post","3":"status-publish","4":"format-standard","5":"has-post-thumbnail","7":"category-aktualitet","8":"category-sport"},"_links":{"self":[{"href":"https:\/\/zjarr.tv\/en\/wp-json\/wp\/v2\/posts\/72956","targetHints":{"allow":["GET"]}}],"collection":[{"href":"https:\/\/zjarr.tv\/en\/wp-json\/wp\/v2\/posts"}],"about":[{"href":"https:\/\/zjarr.tv\/en\/wp-json\/wp\/v2\/types\/post"}],"author":[{"embeddable":true,"href":"https:\/\/zjarr.tv\/en\/wp-json\/wp\/v2\/users\/2013"}],"replies":[{"embeddable":true,"href":"https:\/\/zjarr.tv\/en\/wp-json\/wp\/v2\/comments?post=72956"}],"version-history":[{"count":0,"href":"https:\/\/zjarr.tv\/en\/wp-json\/wp\/v2\/posts\/72956\/revisions"}],"wp:featuredmedia":[{"embeddable":true,"href":"https:\/\/zjarr.tv\/en\/wp-json\/wp\/v2\/media\/39252"}],"wp:attachment":[{"href":"https:\/\/zjarr.tv\/en\/wp-json\/wp\/v2\/media?parent=72956"}],"wp:term":[{"taxonomy":"category","embeddable":true,"href":"https:\/\/zjarr.tv\/en\/wp-json\/wp\/v2\/categories?post=72956"},{"taxonomy":"post_tag","embeddable":true,"href":"https:\/\/zjarr.tv\/en\/wp-json\/wp\/v2\/tags?post=72956"}],"curies":[{"name":"wp","href":"https:\/\/api.w.org\/{rel}","templated":true}]}}