{"id":72975,"date":"2019-03-08T15:57:32","date_gmt":"2019-03-08T14:57:32","guid":{"rendered":"https:\/\/zjarr.tv\/?p=72975"},"modified":"2019-03-08T15:57:32","modified_gmt":"2019-03-08T14:57:32","slug":"panuci-me-risi-ne-kombetare","status":"publish","type":"post","link":"https:\/\/zjarr.tv\/en\/panuci-me-risi-ne-kombetare\/","title":{"rendered":"Panu\u00e7i me risi n\u00eb komb\u00ebtare"},"content":{"rendered":"<p>Debutimi i komb\u00ebtares s\u00eb Shqip\u00ebris\u00eb n\u00eb eliminatoret e Euro 2020 po afron. Edhe dit\u00ebt kur Kristian Panu\u00e7i duhet t\u00eb publikoj\u00eb list\u00ebn me lojt\u00ebrar\u00ebt q\u00eb do t\u00eb grumbulloj\u00eb p\u00ebr sfidat e ardhshme kund\u00ebr Turqis\u00eb dhe Andorr\u00ebs m\u00eb 22 dhe 25 mars, po p\u00ebrfundojn\u00eb. N\u00eb pritje t\u00eb zbulimit t\u00eb emrave, n\u00eb media qarkullojn\u00eb shum\u00eb lojtar\u00eb, t\u00eb cil\u00ebt mund t\u00eb marrin ftes\u00eb nga tekniku kuqezi. I fundit zbulohet nga \u201cPanorama Sport\u201d. B\u00ebhet fjal\u00eb p\u00ebr Kristi Qosen, futbollistin q\u00eb luan me Ruzemberok n\u00eb kampionatin sllovak. I lindur n\u00eb Kor\u00e7\u00eb, por i zhvilluar sportivisht jash\u00eb vendit, mesfushori po zhvillon nj\u00eb sezon t\u00eb shk\u00eblqyer, duke t\u00ebrhequr edhe v\u00ebmendjen e Panu\u00e7it. Titullar fiks me skuadr\u00ebn e tij, ai ka sh\u00ebnuar edhe gjasht\u00eb gola n\u00eb 18 ndeshjet e luajtura deri tani. Por Qose nuk do t\u00eb jet\u00eb risia e vetme n\u00eb komb\u00ebtaren shqiptare n\u00eb nisje t\u00eb eliminatoreve t\u00eb Euro 2020.\u00a0 Po ashtu, pas aventur\u00ebs n\u00eb Lig\u00ebn e Kombeve t\u00eb kusht\u00ebzuar nga d\u00ebmtimet dhe mungesat e shumta, edhe rikthimet t\u00eb skuadr\u00ebn kuqezi do t\u00eb jen\u00eb t\u00eb shumta sidomos n\u00eb repartin e sulmit. Pasi kan\u00eb zgjidhur problemet n\u00eb merkaton e janarit dhe kan\u00eb gjetur skuadra me t\u00eb cilat po luajn\u00eb, Sadiku dhe Cikalleshi jan\u00eb n\u00eb pritje t\u00eb ftesave q\u00eb pritet t\u00eb nis\u00eb jav\u00ebn e ardhshme Kristian Panu\u00e7i.<\/p>\n<p>&nbsp;<\/p>\n<p>&nbsp;<\/p>","protected":false},"excerpt":{"rendered":"<p>Debutimi i komb\u00ebtares s\u00eb Shqip\u00ebris\u00eb n\u00eb eliminatoret e Euro 2020 po afron. Edhe dit\u00ebt kur Kristian Panu\u00e7i duhet t\u00eb publikoj\u00eb list\u00ebn me lojt\u00ebrar\u00ebt q\u00eb do t\u00eb grumbulloj\u00eb p\u00ebr sfidat e ardhshme kund\u00ebr Turqis\u00eb dhe Andorr\u00ebs m\u00eb 22 dhe 25 mars, po p\u00ebrfundojn\u00eb. N\u00eb pritje t\u00eb zbulimit t\u00eb emrave, n\u00eb media qarkullojn\u00eb shum\u00eb lojtar\u00eb, t\u00eb cil\u00ebt [&hellip;]<\/p>\n","protected":false},"author":2013,"featured_media":57062,"comment_status":"open","ping_status":"closed","sticky":false,"template":"","format":"standard","meta":{"footnotes":""},"categories":[241,192],"tags":[],"class_list":{"0":"post-72975","1":"post","2":"type-post","3":"status-publish","4":"format-standard","5":"has-post-thumbnail","7":"category-aktualitet","8":"category-sport"},"_links":{"self":[{"href":"https:\/\/zjarr.tv\/en\/wp-json\/wp\/v2\/posts\/72975","targetHints":{"allow":["GET"]}}],"collection":[{"href":"https:\/\/zjarr.tv\/en\/wp-json\/wp\/v2\/posts"}],"about":[{"href":"https:\/\/zjarr.tv\/en\/wp-json\/wp\/v2\/types\/post"}],"author":[{"embeddable":true,"href":"https:\/\/zjarr.tv\/en\/wp-json\/wp\/v2\/users\/2013"}],"replies":[{"embeddable":true,"href":"https:\/\/zjarr.tv\/en\/wp-json\/wp\/v2\/comments?post=72975"}],"version-history":[{"count":0,"href":"https:\/\/zjarr.tv\/en\/wp-json\/wp\/v2\/posts\/72975\/revisions"}],"wp:featuredmedia":[{"embeddable":true,"href":"https:\/\/zjarr.tv\/en\/wp-json\/wp\/v2\/media\/57062"}],"wp:attachment":[{"href":"https:\/\/zjarr.tv\/en\/wp-json\/wp\/v2\/media?parent=72975"}],"wp:term":[{"taxonomy":"category","embeddable":true,"href":"https:\/\/zjarr.tv\/en\/wp-json\/wp\/v2\/categories?post=72975"},{"taxonomy":"post_tag","embeddable":true,"href":"https:\/\/zjarr.tv\/en\/wp-json\/wp\/v2\/tags?post=72975"}],"curies":[{"name":"wp","href":"https:\/\/api.w.org\/{rel}","templated":true}]}}