{"id":72977,"date":"2019-03-08T15:58:59","date_gmt":"2019-03-08T14:58:59","guid":{"rendered":"https:\/\/zjarr.tv\/?p=72977"},"modified":"2019-03-08T15:58:59","modified_gmt":"2019-03-08T14:58:59","slug":"bojkoti-i-futbollit-rama-ben-negociatorin","status":"publish","type":"post","link":"https:\/\/zjarr.tv\/en\/bojkoti-i-futbollit-rama-ben-negociatorin\/","title":{"rendered":"Bojkoti i futbollit, Rama b\u00ebn negociatorin"},"content":{"rendered":"<p>Dhuna ndaj gjyqtarit Hamiti pati nj\u00eb efekt shum\u00eb t\u00eb madh jo vet\u00ebm n\u00eb futbollin shqiptar, nj\u00eb \u00e7\u00ebshtje e cila tashm\u00eb ka marr\u00eb p\u00ebrmasa t\u00eb m\u00ebdha dhe ka p\u00ebrfshir\u00eb t\u00eb gjith\u00eb aktor\u00ebt. Bojkoti i arbitrave solli automatikisht edhe bojkotin e futbollit n\u00eb nivel komb\u00ebtar\u00eb, me Federat\u00ebn Shqiptare t\u00eb Futbollit q\u00eb i doli menj\u00ebher\u00eb n\u00eb krah\u00eb xhaketave t\u00eb zeza, fundja kauza ishte e p\u00ebrbashk\u00ebt, rikthimi i Policis\u00eb s\u00eb shtetit t\u00eb stadiume. N\u00eb fakt ky vendim i arbitrave gjeti dhe p\u00ebrkrahjen e klubeve, t\u00eb cilat dhe pse pal\u00eb e prekur shpesh her\u00eb nga vendimet e tyre, i kan\u00eb dal\u00eb n\u00eb krah\u00eb, pasi dhe klubet d\u00ebshirojn\u00eb t\u00eb q\u00eb Policia t\u00eb rikthehet n\u00eb stadium, kjo p\u00ebr shum\u00eb arsye. E vetmja m\u00ebnyr\u00eb q\u00eb Policia t\u00eb rikthehet \u00ebsht\u00eb t\u00eb ndryshoj\u00eb legjislacioni aktual, t\u00eb amendohet ligji p\u00ebr rikthimin forcave t\u00eb rendit n\u00eb impiantet sportive. Kjo \u00ebsht\u00eb nj\u00eb \u00e7\u00ebshtje q\u00eb shkon p\u00ebrtej Federat\u00ebs Shqiptare t\u00eb Futbollit por dhe vet\u00eb klubeve, p\u00ebr k\u00ebt\u00eb arsye presidenti i FSHF-\u00ebs, Armand Duka pati nj\u00eb takim me kryeministrin Edi Rama, t\u00eb enjten. Burime pran\u00eb FSHF-\u00ebs b\u00ebjn\u00eb me dije p\u00ebr News24 dhe BalkanWeb se dit\u00ebn e h\u00ebn\u00eb do t\u00eb zhvillohet nj\u00eb tjet\u00ebr takim, ku do t\u00eb jen\u00eb t\u00eb pranish\u00ebm drejtues t\u00eb Federat\u00ebs Shqiptare t\u00eb Futbollit, p\u00ebrfaq\u00ebsueses t\u00eb klubeve t\u00eb Supelig\u00ebs, Kryeministri Edi Rama dhe Ministria e Arsimit, Besa Sahini, nj\u00eb takim gjith\u00eb pal\u00ebsh p\u00ebr ti dh\u00ebn\u00eb fund bojkotit n\u00eb futboll.<\/p>\n<p>&nbsp;<\/p>\n<p>&nbsp;<\/p>","protected":false},"excerpt":{"rendered":"<p>Dhuna ndaj gjyqtarit Hamiti pati nj\u00eb efekt shum\u00eb t\u00eb madh jo vet\u00ebm n\u00eb futbollin shqiptar, nj\u00eb \u00e7\u00ebshtje e cila tashm\u00eb ka marr\u00eb p\u00ebrmasa t\u00eb m\u00ebdha dhe ka p\u00ebrfshir\u00eb t\u00eb gjith\u00eb aktor\u00ebt. Bojkoti i arbitrave solli automatikisht edhe bojkotin e futbollit n\u00eb nivel komb\u00ebtar\u00eb, me Federat\u00ebn Shqiptare t\u00eb Futbollit q\u00eb i doli menj\u00ebher\u00eb n\u00eb krah\u00eb xhaketave [&hellip;]<\/p>\n","protected":false},"author":2013,"featured_media":0,"comment_status":"open","ping_status":"closed","sticky":false,"template":"","format":"standard","meta":{"footnotes":""},"categories":[241,192],"tags":[],"class_list":{"0":"post-72977","1":"post","2":"type-post","3":"status-publish","4":"format-standard","6":"category-aktualitet","7":"category-sport"},"_links":{"self":[{"href":"https:\/\/zjarr.tv\/en\/wp-json\/wp\/v2\/posts\/72977","targetHints":{"allow":["GET"]}}],"collection":[{"href":"https:\/\/zjarr.tv\/en\/wp-json\/wp\/v2\/posts"}],"about":[{"href":"https:\/\/zjarr.tv\/en\/wp-json\/wp\/v2\/types\/post"}],"author":[{"embeddable":true,"href":"https:\/\/zjarr.tv\/en\/wp-json\/wp\/v2\/users\/2013"}],"replies":[{"embeddable":true,"href":"https:\/\/zjarr.tv\/en\/wp-json\/wp\/v2\/comments?post=72977"}],"version-history":[{"count":0,"href":"https:\/\/zjarr.tv\/en\/wp-json\/wp\/v2\/posts\/72977\/revisions"}],"wp:attachment":[{"href":"https:\/\/zjarr.tv\/en\/wp-json\/wp\/v2\/media?parent=72977"}],"wp:term":[{"taxonomy":"category","embeddable":true,"href":"https:\/\/zjarr.tv\/en\/wp-json\/wp\/v2\/categories?post=72977"},{"taxonomy":"post_tag","embeddable":true,"href":"https:\/\/zjarr.tv\/en\/wp-json\/wp\/v2\/tags?post=72977"}],"curies":[{"name":"wp","href":"https:\/\/api.w.org\/{rel}","templated":true}]}}