{"id":72980,"date":"2019-03-08T16:01:05","date_gmt":"2019-03-08T15:01:05","guid":{"rendered":"https:\/\/zjarr.tv\/?p=72980"},"modified":"2019-03-08T16:01:05","modified_gmt":"2019-03-08T15:01:05","slug":"uefa-nis-hetimin-per-man-city","status":"publish","type":"post","link":"https:\/\/zjarr.tv\/en\/uefa-nis-hetimin-per-man-city\/","title":{"rendered":"UEFA nis hetimin p\u00ebr Man.City"},"content":{"rendered":"<p>Man.City dridhet seriozisht. UEFA ka hapur zyrtarisht nj\u00eb hetim ndaj \u201cqytetar\u00ebve\u201d p\u00ebr shkelje t\u00eb rregullave t\u00eb \u201cFair Play financiar\u201d. N\u00eb fakt kemi t\u00eb b\u00ebjm\u00eb m\u00eb nj\u00eb hetim formal, por n\u00ebse v\u00ebrtetohen parregullsi n\u00eb bilancet e ekonomike t\u00eb klubit, Man.City rrezikon p\u00ebrjashtimin nga kupat e europ\u00ebs n\u00eb edicionet e ardhshme. Ky hetim i UEFA-s erdhi pas disa lajmeve t\u00eb publikuar nga media t\u00eb ndryshme n\u00eb ishullin britanik. UEFA ka vendosur t\u00eb mos b\u00ebj\u00eb komente t\u00eb tjera deri n\u00eb p\u00ebrfundim t\u00eb hetimeve. I menj\u00ebhersh\u00ebm ka qen\u00eb reagimi i klubit t\u00eb Man.City q\u00eb i konsideron k\u00ebto akuza t\u00eb pa baza dhe false:<\/p>\n<p>\u201cMan.City mir\u00ebpret nisjen e hetimeve formale nga UEFA si nj\u00eb mund\u00ebsi p\u00ebr ti dh\u00ebn\u00eb fund spekulimeve ilegale t\u00eb publikuara nga mediat. Akuzat p\u00ebr parregullsi financiare jan\u00eb totalisht false. Llogarit\u00eb e klubit jan\u00eb plot, t\u00eb regjistruara ligj\u00ebrisht dhe t\u00eb rregullta\u201d, lexohet n\u00eb komunikat\u00ebn p\u00ebr shtyp t\u00eb Man.City.<\/p>\n<p>Ky hetim nga UEFA vjen pik\u00ebrisht n\u00eb momentin m\u00eb t\u00eb mir\u00eb q\u00eb po kalon ekipi i Pep Guardiol\u00ebs, pasi u rikthyen n\u00eb krye t\u00eb Premier League dhe pasi hodh\u00ebn nj\u00eb hap t\u00eb r\u00ebnd\u00ebsish\u00ebm p\u00ebr n\u00eb \u00e7erekfinalet e Champions League.<\/p>\n<p>&nbsp;<\/p>","protected":false},"excerpt":{"rendered":"<p>Man.City dridhet seriozisht. UEFA ka hapur zyrtarisht nj\u00eb hetim ndaj \u201cqytetar\u00ebve\u201d p\u00ebr shkelje t\u00eb rregullave t\u00eb \u201cFair Play financiar\u201d. N\u00eb fakt kemi t\u00eb b\u00ebjm\u00eb m\u00eb nj\u00eb hetim formal, por n\u00ebse v\u00ebrtetohen parregullsi n\u00eb bilancet e ekonomike t\u00eb klubit, Man.City rrezikon p\u00ebrjashtimin nga kupat e europ\u00ebs n\u00eb edicionet e ardhshme. Ky hetim i UEFA-s erdhi pas [&hellip;]<\/p>\n","protected":false},"author":2013,"featured_media":0,"comment_status":"open","ping_status":"closed","sticky":false,"template":"","format":"standard","meta":{"footnotes":""},"categories":[241,192],"tags":[],"class_list":{"0":"post-72980","1":"post","2":"type-post","3":"status-publish","4":"format-standard","6":"category-aktualitet","7":"category-sport"},"_links":{"self":[{"href":"https:\/\/zjarr.tv\/en\/wp-json\/wp\/v2\/posts\/72980","targetHints":{"allow":["GET"]}}],"collection":[{"href":"https:\/\/zjarr.tv\/en\/wp-json\/wp\/v2\/posts"}],"about":[{"href":"https:\/\/zjarr.tv\/en\/wp-json\/wp\/v2\/types\/post"}],"author":[{"embeddable":true,"href":"https:\/\/zjarr.tv\/en\/wp-json\/wp\/v2\/users\/2013"}],"replies":[{"embeddable":true,"href":"https:\/\/zjarr.tv\/en\/wp-json\/wp\/v2\/comments?post=72980"}],"version-history":[{"count":0,"href":"https:\/\/zjarr.tv\/en\/wp-json\/wp\/v2\/posts\/72980\/revisions"}],"wp:attachment":[{"href":"https:\/\/zjarr.tv\/en\/wp-json\/wp\/v2\/media?parent=72980"}],"wp:term":[{"taxonomy":"category","embeddable":true,"href":"https:\/\/zjarr.tv\/en\/wp-json\/wp\/v2\/categories?post=72980"},{"taxonomy":"post_tag","embeddable":true,"href":"https:\/\/zjarr.tv\/en\/wp-json\/wp\/v2\/tags?post=72980"}],"curies":[{"name":"wp","href":"https:\/\/api.w.org\/{rel}","templated":true}]}}