{"id":72983,"date":"2019-03-08T16:02:27","date_gmt":"2019-03-08T15:02:27","guid":{"rendered":"https:\/\/zjarr.tv\/?p=72983"},"modified":"2019-03-08T16:02:27","modified_gmt":"2019-03-08T15:02:27","slug":"rama-ne-libofshe-investoni-ne-agroturizem","status":"publish","type":"post","link":"https:\/\/zjarr.tv\/en\/rama-ne-libofshe-investoni-ne-agroturizem\/","title":{"rendered":"Rama n\u00eb Libofsh\u00eb: Investoni n\u00eb agroturiz\u00ebm"},"content":{"rendered":"<p>Kryeministri Edi Rama n\u00eb takimin me banor\u00ebt e Libofsh\u00ebs p\u00ebr programin \u201c100 fshatra\u201d tha se \u00ebsht\u00eb koha q\u00eb t\u00eb gjith\u00eb t\u00eb mendojn\u00eb p\u00ebr t\u00eb kthyer shikimin drejt fshatit dhe agrotizmit. Shefi i qeveris\u00eb tha se investimet n\u00eb argotiz\u00ebm, krijojn\u00eb mund\u00ebsi t\u00eb reja ekonomike dhe zhvillime n\u00eb fush\u00ebn sociale p\u00ebr banor\u00ebt q\u00eb jetojn\u00eb n\u00eb zonat rurale.<\/p>\n<p>\u201cK\u00ebtu jemi n\u00eb nj\u00eb fshat, q\u00eb ka fatin t\u00eb trash\u00ebgoj\u00eb 15 kisha, ku Ministria e Kultur\u00ebs p\u00ebrmes programit t\u00eb restaurimeve dhe n\u00eb kuadrin e nd\u00ebrhyrjes do t\u00eb t\u00eb b\u00ebj\u00eb pun\u00ebn e vet. Modeli i 100 fshatrat \u00ebsht\u00eb nj\u00eb model zhvillimi ekonomik dhe social dhe nd\u00ebrhyrjet q\u00eb do t\u00eb b\u00ebjm\u00eb synojn\u00eb jo thjesht transformimin e infrastruktur\u00ebs, por nxitjen e iniciativ\u00ebs p\u00ebr t\u00eb kaluar n\u00eb nj\u00eb faz\u00eb t\u00eb re t\u00eb zhvillimit.<\/p>\n<p>\u00cbsht\u00eb koha p\u00ebr t\u00eb shkuar p\u00ebrtej k\u00ebsaj. \u00cbsht\u00eb koha p\u00ebr t\u00eb menduar p\u00ebr agroturizmin. \u00cbsht\u00eb nj\u00eb sektor, ku natyra i ka t\u00eb gjith\u00eb komponent\u00ebt p\u00ebr t\u00eb nd\u00ebrtuar nj\u00eb sistem agroturizmi dhe p\u00ebr t\u00eb transformuar sht\u00ebpit\u00eb n\u00eb bujtina, me q\u00ebllim q\u00eb t\u00eb kthehen si burim t\u00eb ardhurash. Italia rurale \u00ebsht\u00eb e mbushur me shembuj t\u00eb till\u00eb dhe nuk ka shembuj t\u00eb till\u00eb, q\u00eb mund t\u00eb ishte jo vet\u00ebm transaksion p\u00ebr turist\u00ebt q\u00eb vijn\u00eb n\u00eb Fier q\u00eb t\u00eb q\u00ebndronin m\u00eb shum\u00eb or\u00eb . Ata q\u00eb vijn\u00eb\u00a0 n\u00eb k\u00ebt\u00eb zon\u00eb, q\u00eb jan\u00eb potencialisht n\u00eb k\u00ebto zona, nuk k\u00ebrkojn\u00eb luks, por k\u00ebrkojn\u00eb karakteristikat q\u00eb kan\u00eb k\u00ebto zona dhe zonat e tjera ku shtrihen 100 fshatrat\u201d,\u00a0 tha Rama.<\/p>\n<p>&nbsp;<\/p>","protected":false},"excerpt":{"rendered":"<p>Kryeministri Edi Rama n\u00eb takimin me banor\u00ebt e Libofsh\u00ebs p\u00ebr programin \u201c100 fshatra\u201d tha se \u00ebsht\u00eb koha q\u00eb t\u00eb gjith\u00eb t\u00eb mendojn\u00eb p\u00ebr t\u00eb kthyer shikimin drejt fshatit dhe agrotizmit. Shefi i qeveris\u00eb tha se investimet n\u00eb argotiz\u00ebm, krijojn\u00eb mund\u00ebsi t\u00eb reja ekonomike dhe zhvillime n\u00eb fush\u00ebn sociale p\u00ebr banor\u00ebt q\u00eb jetojn\u00eb n\u00eb zonat rurale. [&hellip;]<\/p>\n","protected":false},"author":2013,"featured_media":0,"comment_status":"open","ping_status":"closed","sticky":false,"template":"","format":"standard","meta":{"footnotes":""},"categories":[241,235],"tags":[],"class_list":{"0":"post-72983","1":"post","2":"type-post","3":"status-publish","4":"format-standard","6":"category-aktualitet","7":"category-vendi"},"_links":{"self":[{"href":"https:\/\/zjarr.tv\/en\/wp-json\/wp\/v2\/posts\/72983","targetHints":{"allow":["GET"]}}],"collection":[{"href":"https:\/\/zjarr.tv\/en\/wp-json\/wp\/v2\/posts"}],"about":[{"href":"https:\/\/zjarr.tv\/en\/wp-json\/wp\/v2\/types\/post"}],"author":[{"embeddable":true,"href":"https:\/\/zjarr.tv\/en\/wp-json\/wp\/v2\/users\/2013"}],"replies":[{"embeddable":true,"href":"https:\/\/zjarr.tv\/en\/wp-json\/wp\/v2\/comments?post=72983"}],"version-history":[{"count":0,"href":"https:\/\/zjarr.tv\/en\/wp-json\/wp\/v2\/posts\/72983\/revisions"}],"wp:attachment":[{"href":"https:\/\/zjarr.tv\/en\/wp-json\/wp\/v2\/media?parent=72983"}],"wp:term":[{"taxonomy":"category","embeddable":true,"href":"https:\/\/zjarr.tv\/en\/wp-json\/wp\/v2\/categories?post=72983"},{"taxonomy":"post_tag","embeddable":true,"href":"https:\/\/zjarr.tv\/en\/wp-json\/wp\/v2\/tags?post=72983"}],"curies":[{"name":"wp","href":"https:\/\/api.w.org\/{rel}","templated":true}]}}