{"id":73469,"date":"2019-03-12T13:20:57","date_gmt":"2019-03-12T12:20:57","guid":{"rendered":"https:\/\/zjarr.tv\/?p=73469"},"modified":"2019-03-12T13:20:57","modified_gmt":"2019-03-12T12:20:57","slug":"kuvendi-i-kosoves-ne-seance-te-jashtezakonshme","status":"publish","type":"post","link":"https:\/\/zjarr.tv\/en\/kuvendi-i-kosoves-ne-seance-te-jashtezakonshme\/","title":{"rendered":"Kuvendi i Kosov\u00ebs n\u00eb seanc\u00eb t\u00eb jasht\u00ebzakonshme"},"content":{"rendered":"<p>Kuvendi i Kosov\u00ebs do t\u00eb \u00a0mblidhet sot n\u00eb nj\u00eb seanc\u00eb t\u00eb jasht\u00ebzakonshme n\u00eb ora 10:00, ku pik\u00eb e vetme e rendit t\u00eb dit\u00ebs \u00ebsht\u00eb diskutimi p\u00ebr vendimet e Qeveris\u00eb s\u00eb Kosov\u00ebs p\u00ebr ndarjen e mjeteve financiare t\u00eb parashikuara sipas shpenzimeve.<\/p>\n<p>\u201cDebat parlamentar lidhur me vendimet e Qeveris\u00eb s\u00eb Kosov\u00ebs p\u00ebr ndarjen e mjeteve financiare nga shpenzimet e paparashikuara\u201d, thuhet n\u00eb njoftimin e Kuvendit. Seanca n\u00eb fjal\u00eb ishte parashikuar t\u00eb mbahej jav\u00ebn e shkuar, por u caktua p\u00ebr dit\u00ebn e sotme p\u00ebr shkak t\u00eb Epopes\u00eb s\u00eb Ushtris\u00eb \u00c7lirimtare t\u00eb Kosov\u00ebs.<\/p>\n<p>&nbsp;<\/p>\n<p>&nbsp;<\/p>","protected":false},"excerpt":{"rendered":"<p>Kuvendi i Kosov\u00ebs do t\u00eb \u00a0mblidhet sot n\u00eb nj\u00eb seanc\u00eb t\u00eb jasht\u00ebzakonshme n\u00eb ora 10:00, ku pik\u00eb e vetme e rendit t\u00eb dit\u00ebs \u00ebsht\u00eb diskutimi p\u00ebr vendimet e Qeveris\u00eb s\u00eb Kosov\u00ebs p\u00ebr ndarjen e mjeteve financiare t\u00eb parashikuara sipas shpenzimeve. \u201cDebat parlamentar lidhur me vendimet e Qeveris\u00eb s\u00eb Kosov\u00ebs p\u00ebr ndarjen e mjeteve financiare nga [&hellip;]<\/p>\n","protected":false},"author":2013,"featured_media":57243,"comment_status":"open","ping_status":"closed","sticky":false,"template":"","format":"standard","meta":{"footnotes":""},"categories":[2],"tags":[],"class_list":{"0":"post-73469","1":"post","2":"type-post","3":"status-publish","4":"format-standard","5":"has-post-thumbnail","7":"category-rajoni"},"_links":{"self":[{"href":"https:\/\/zjarr.tv\/en\/wp-json\/wp\/v2\/posts\/73469","targetHints":{"allow":["GET"]}}],"collection":[{"href":"https:\/\/zjarr.tv\/en\/wp-json\/wp\/v2\/posts"}],"about":[{"href":"https:\/\/zjarr.tv\/en\/wp-json\/wp\/v2\/types\/post"}],"author":[{"embeddable":true,"href":"https:\/\/zjarr.tv\/en\/wp-json\/wp\/v2\/users\/2013"}],"replies":[{"embeddable":true,"href":"https:\/\/zjarr.tv\/en\/wp-json\/wp\/v2\/comments?post=73469"}],"version-history":[{"count":0,"href":"https:\/\/zjarr.tv\/en\/wp-json\/wp\/v2\/posts\/73469\/revisions"}],"wp:featuredmedia":[{"embeddable":true,"href":"https:\/\/zjarr.tv\/en\/wp-json\/wp\/v2\/media\/57243"}],"wp:attachment":[{"href":"https:\/\/zjarr.tv\/en\/wp-json\/wp\/v2\/media?parent=73469"}],"wp:term":[{"taxonomy":"category","embeddable":true,"href":"https:\/\/zjarr.tv\/en\/wp-json\/wp\/v2\/categories?post=73469"},{"taxonomy":"post_tag","embeddable":true,"href":"https:\/\/zjarr.tv\/en\/wp-json\/wp\/v2\/tags?post=73469"}],"curies":[{"name":"wp","href":"https:\/\/api.w.org\/{rel}","templated":true}]}}