{"id":73474,"date":"2019-03-12T13:26:55","date_gmt":"2019-03-12T12:26:55","guid":{"rendered":"https:\/\/zjarr.tv\/?p=73474"},"modified":"2019-03-12T13:26:55","modified_gmt":"2019-03-12T12:26:55","slug":"iran-aktivistja-per-te-drejtat-e-njeriut-denohet-me-7-vjet-burg","status":"publish","type":"post","link":"https:\/\/zjarr.tv\/en\/iran-aktivistja-per-te-drejtat-e-njeriut-denohet-me-7-vjet-burg\/","title":{"rendered":"Iran\/  Aktivistja p\u00ebr t\u00eb drejtat e njeriut d\u00ebnohet me 7 vjet burg"},"content":{"rendered":"<p>Aktivistja iraniane p\u00ebr t\u00eb drejtat e njeriut, Nasrin Sotoudeh, u d\u00ebnua me shtat\u00eb vjet burgim, raportoi media lokale n\u00eb Iran. Nj\u00eb gjyqtar n\u00eb Gjykat\u00ebn Revolucionare t\u00eb Teheranit i tha agjencis\u00eb s\u00eb lajmeve ISNA se Sotoudeh u d\u00ebnua me pes\u00eb vjet p\u00ebr \u201ckomplot kund\u00ebr sistemit\u201d dhe dy vjet p\u00ebr \u201cfyerjen\u201d e udh\u00ebheq\u00ebsit suprem, Ajatollah Ali Khamenei.<\/p>\n<p>Megjithat\u00eb, bashk\u00ebshorti i Sotoudeh, Reza Khandan, i tha Radios Evropa e Lir\u00eb se asaj i \u00ebsht\u00eb th\u00ebn\u00eb m\u00eb 9 mars se \u00ebsht\u00eb d\u00ebnuar me 33 vjet burgim dhe 148 goditje me kamzhik p\u00ebr akuz\u00ebn e dyt\u00eb.<\/p>\n<p>Sotoudeh, bashk\u00ebfituese e \u00c7mimit Saharov p\u00ebr lirin\u00eb e mendimit m\u00eb 2012, \u00ebsht\u00eb arrestuar n\u00eb qershor t\u00eb vitit t\u00eb kaluar dhe \u00ebsht\u00eb urdh\u00ebruar t\u00eb vuaj\u00eb nj\u00eb d\u00ebnim pes\u00ebvje\u00e7ar, i cili i \u00ebsht\u00eb shqiptuar n\u00eb munges\u00eb n\u00eb vitin 2016.<\/p>\n<p>Grupet nd\u00ebrkomb\u00ebtare t\u00eb t\u00eb drejtave t\u00eb njeriut, SHBA dhe Parlamenti Evropian e kan\u00eb d\u00ebnuar arrestimin e avokates, e cila n\u00eb vitin 2018 ka p\u00ebrfaq\u00ebsuar disa gra t\u00eb ndaluara p\u00ebr heqjen e shamive t\u00eb tyre n\u00eb publik, veprim ky i ndaluar me kodin islamik t\u00eb Iranit. Sotoudeh i ka mohuar akuzat kund\u00ebr saj.<\/p>\n<p>&nbsp;<\/p>","protected":false},"excerpt":{"rendered":"<p>Aktivistja iraniane p\u00ebr t\u00eb drejtat e njeriut, Nasrin Sotoudeh, u d\u00ebnua me shtat\u00eb vjet burgim, raportoi media lokale n\u00eb Iran. Nj\u00eb gjyqtar n\u00eb Gjykat\u00ebn Revolucionare t\u00eb Teheranit i tha agjencis\u00eb s\u00eb lajmeve ISNA se Sotoudeh u d\u00ebnua me pes\u00eb vjet p\u00ebr \u201ckomplot kund\u00ebr sistemit\u201d dhe dy vjet p\u00ebr \u201cfyerjen\u201d e udh\u00ebheq\u00ebsit suprem, Ajatollah Ali Khamenei. [&hellip;]<\/p>\n","protected":false},"author":2013,"featured_media":0,"comment_status":"open","ping_status":"closed","sticky":false,"template":"","format":"standard","meta":{"footnotes":""},"categories":[241,191],"tags":[],"class_list":{"0":"post-73474","1":"post","2":"type-post","3":"status-publish","4":"format-standard","6":"category-aktualitet","7":"category-bota"},"_links":{"self":[{"href":"https:\/\/zjarr.tv\/en\/wp-json\/wp\/v2\/posts\/73474","targetHints":{"allow":["GET"]}}],"collection":[{"href":"https:\/\/zjarr.tv\/en\/wp-json\/wp\/v2\/posts"}],"about":[{"href":"https:\/\/zjarr.tv\/en\/wp-json\/wp\/v2\/types\/post"}],"author":[{"embeddable":true,"href":"https:\/\/zjarr.tv\/en\/wp-json\/wp\/v2\/users\/2013"}],"replies":[{"embeddable":true,"href":"https:\/\/zjarr.tv\/en\/wp-json\/wp\/v2\/comments?post=73474"}],"version-history":[{"count":0,"href":"https:\/\/zjarr.tv\/en\/wp-json\/wp\/v2\/posts\/73474\/revisions"}],"wp:attachment":[{"href":"https:\/\/zjarr.tv\/en\/wp-json\/wp\/v2\/media?parent=73474"}],"wp:term":[{"taxonomy":"category","embeddable":true,"href":"https:\/\/zjarr.tv\/en\/wp-json\/wp\/v2\/categories?post=73474"},{"taxonomy":"post_tag","embeddable":true,"href":"https:\/\/zjarr.tv\/en\/wp-json\/wp\/v2\/tags?post=73474"}],"curies":[{"name":"wp","href":"https:\/\/api.w.org\/{rel}","templated":true}]}}