{"id":73482,"date":"2019-03-12T13:34:36","date_gmt":"2019-03-12T12:34:36","guid":{"rendered":"https:\/\/zjarr.tv\/?p=73482"},"modified":"2019-03-12T13:38:04","modified_gmt":"2019-03-12T12:38:04","slug":"zidane-6-kushtet-qe-rikthyen-francezin-ne-madrid","status":"publish","type":"post","link":"https:\/\/zjarr.tv\/en\/zidane-6-kushtet-qe-rikthyen-francezin-ne-madrid\/","title":{"rendered":"Zidane, 6 kushtet q\u00eb rikthyen francezin n\u00eb Madrid"},"content":{"rendered":"<p>Zinedine Zidane rikthehet tek Real Madrid pas 9 muajsh, 8 dit\u00ebsh dhe 2 shkarkimesh(Lopetegui dhe Solari) por p\u00ebr t\u00eb bindur francezin nuk ishte aspak e leht\u00eb, sipas mediave spanjolle kan\u00eb qen\u00eb jo pak por 6 kushte q\u00eb presidenti Perez \u00ebsht\u00eb i gatsh\u00ebm t\u2019ia plot\u00ebsoj\u00eb:<\/p>\n<p>1-Zidane i ka k\u00ebrkuar t\u00eb jet\u00eb ai menaxheri i merkatos dhe t\u00eb ket\u00eb autonomi totale mbi ekipin, pa pasur asnj\u00eb nd\u00ebrhyrje nga drejtuesit e klubit.<\/p>\n<p>2-Kush duhet t\u00eb largohet? Gareth Bale i pari, t\u00eb nj\u00ebjtin fat pritet t\u00eb ket\u00eb edhe Karim Benzema dhe pse pak koh\u00eb m\u00eb par\u00eb Perez u shpreh si Benzema \u00ebsht\u00eb sulmuesi m\u00eb i mir\u00eb n\u00eb bot\u00eb. Zidane d\u00ebshiron vet\u00ebm nj\u00eb portier titullar\u00eb, i duhet t\u00eb zgjedh nj\u00eb nd\u00ebrmjet Navas dhe Courtois.<\/p>\n<p>3-Marcelo dhe Isco q\u00ebndrojn\u00eb- T\u00eb dy u lan n\u00eb stol nga Solari, ishin shum\u00eb pran\u00eb largimit por si braziliani ashtu edhe spanjolli jan\u00eb n\u00eb qend\u00ebr t\u00eb projektit t\u00eb Zidane.<\/p>\n<p>4-Neymar? Jo faleminderit- Prej koh\u00ebsh \u00ebsht\u00eb folur p\u00ebr nj\u00eb kalim t\u00eb brazilianit n\u00eb Madrid, Zidane \u00ebsht\u00eb kund\u00ebr k\u00ebtij transferimi.<\/p>\n<p>5-James Rodrigues? Rikthimi i tij n\u00eb Madrid tashm\u00eb \u00ebsht\u00eb i pamundur, ishte pik\u00ebrisht Zidane ai q\u00eb e largoj\u00eb.<\/p>\n<p>6-Goditje t\u00eb m\u00ebdha- \u00cbndrra e Zidane \u00ebsht\u00eb Kylian Mbappe. Nuk do t\u00eb jet\u00eb aspak e leht\u00eb por ai do ta provoj\u00eb. Emri i dyt\u00eb \u00ebsht\u00eb ai i p\u00ebrhershmi, Eden Hazard.<\/p>","protected":false},"excerpt":{"rendered":"<p>Zinedine Zidane rikthehet tek Real Madrid pas 9 muajsh, 8 dit\u00ebsh dhe 2 shkarkimesh(Lopetegui dhe Solari) por p\u00ebr t\u00eb bindur francezin nuk ishte aspak e leht\u00eb, sipas mediave spanjolle kan\u00eb qen\u00eb jo pak por 6 kushte q\u00eb presidenti Perez \u00ebsht\u00eb i gatsh\u00ebm t\u2019ia plot\u00ebsoj\u00eb: 1-Zidane i ka k\u00ebrkuar t\u00eb jet\u00eb ai menaxheri i merkatos dhe [&hellip;]<\/p>\n","protected":false},"author":2013,"featured_media":0,"comment_status":"open","ping_status":"closed","sticky":false,"template":"","format":"standard","meta":{"footnotes":""},"categories":[241,192],"tags":[],"class_list":{"0":"post-73482","1":"post","2":"type-post","3":"status-publish","4":"format-standard","6":"category-aktualitet","7":"category-sport"},"_links":{"self":[{"href":"https:\/\/zjarr.tv\/en\/wp-json\/wp\/v2\/posts\/73482","targetHints":{"allow":["GET"]}}],"collection":[{"href":"https:\/\/zjarr.tv\/en\/wp-json\/wp\/v2\/posts"}],"about":[{"href":"https:\/\/zjarr.tv\/en\/wp-json\/wp\/v2\/types\/post"}],"author":[{"embeddable":true,"href":"https:\/\/zjarr.tv\/en\/wp-json\/wp\/v2\/users\/2013"}],"replies":[{"embeddable":true,"href":"https:\/\/zjarr.tv\/en\/wp-json\/wp\/v2\/comments?post=73482"}],"version-history":[{"count":0,"href":"https:\/\/zjarr.tv\/en\/wp-json\/wp\/v2\/posts\/73482\/revisions"}],"wp:attachment":[{"href":"https:\/\/zjarr.tv\/en\/wp-json\/wp\/v2\/media?parent=73482"}],"wp:term":[{"taxonomy":"category","embeddable":true,"href":"https:\/\/zjarr.tv\/en\/wp-json\/wp\/v2\/categories?post=73482"},{"taxonomy":"post_tag","embeddable":true,"href":"https:\/\/zjarr.tv\/en\/wp-json\/wp\/v2\/tags?post=73482"}],"curies":[{"name":"wp","href":"https:\/\/api.w.org\/{rel}","templated":true}]}}