{"id":73486,"date":"2019-03-12T13:42:39","date_gmt":"2019-03-12T12:42:39","guid":{"rendered":"https:\/\/zjarr.tv\/?p=73486"},"modified":"2019-03-12T13:42:39","modified_gmt":"2019-03-12T12:42:39","slug":"politikanet-artiste-ne-bote-mes-tyre-edhe-rama","status":"publish","type":"post","link":"https:\/\/zjarr.tv\/en\/politikanet-artiste-ne-bote-mes-tyre-edhe-rama\/","title":{"rendered":"Politikan\u00ebt artist\u00eb n\u00eb bot\u00eb, mes tyre edhe Rama"},"content":{"rendered":"<p><em>Politikan\u00ebt artist\u00eb po b\u00ebhen t\u00eb zakonsh\u00ebm n\u00eb shum\u00eb vende t\u00eb bot\u00ebs, p\u00ebrfshir\u00eb k\u00ebtu edhe Shqip\u00ebrin\u00eb. K\u00ebshtu n\u00eb Ukrain\u00eb, humoristi dhe politikani, Volodimir Zelenski kryeson sondazhet p\u00ebr zgjedhjet e ardhshme presidenciale t\u00eb vendit. Nd\u00ebrsa n\u00eb Peru, n\u00eb postin e kryeministrit t\u00eb vendit u betua aktori i njohur i kinematografis\u00eb dhe teatrit, Salvador del Solar.<\/em><\/p>\n<p>Nga skena e artit n\u00eb at\u00eb t\u00eb politik\u00ebs. Nj\u00eb gj\u00eb e till\u00eb po ndodh n\u00eb disa vende t\u00eb bot\u00ebs, p\u00ebrfshir\u00eb edhe Shqip\u00ebrin\u00eb, ku kryeministri Edi Rama \u00ebsht\u00eb v\u00ebn\u00eb n\u00eb qend\u00ebr t\u00eb kritikave p\u00ebr hapjen e disa ekspozitave jasht\u00eb vendit.<\/p>\n<p>N\u00eb Ukrain\u00eb, humoristi dhe politikani, Volodimir Zelenski kryeson sondazhet si m\u00eb i p\u00eblqyeri mes qytetar\u00ebve p\u00ebr postin e presidentit t\u00eb vendit.<\/p>\n<p>Sipas nj\u00eb sondazhi t\u00eb publikuar nga grupi \u201cRating\u201d, n\u00ebse zgjedhjet do t\u00eb mbaheshin s\u00eb af\u00ebrmi, aktori mund t\u00eb marr\u00eb 24,7% t\u00eb votave. Pas tij renditen ish-kryeministrja, Julia Timoshenko me 18,3% dhe presidenti i tanish\u00ebm Petro Poroshenko me 16,8% t\u00eb votave.<\/p>\n<p>Nd\u00ebrsa n\u00eb Peru, n\u00eb postin e kryeministrit t\u00eb vendit u betua aktori i njohur i kinematografis\u00eb dhe teatrit, Salvador del Solar. Ai \u00ebsht\u00eb i diplomuar edhe p\u00ebr drejt\u00ebsi, u betua t\u00eb h\u00ebn\u00ebn pasdite nj\u00ebkoh\u00ebsisht me 18 an\u00ebtar\u00ebt e qeveris\u00eb s\u00eb re peruane, mes e tyre edhe n\u00ebnt\u00eb gra.<\/p>\n<p>Pas nj\u00eb karriere si aktor dhe m\u00eb pas si producent n\u00eb kinematografi dhe n\u00eb televizion, Del Solar u em\u00ebrua minist\u00ebr i Kultur\u00ebs n\u00eb vitin 2016 gjat\u00eb qeverisjes s\u00eb presidentit Pedro Pablo Kuczynsk. N\u00eb at\u00eb periudh\u00eb ai u njoh me presidentin e tanish\u00ebm, Martin Vizcarra.<\/p>\n<p>&nbsp;<\/p>","protected":false},"excerpt":{"rendered":"<p>Politikan\u00ebt artist\u00eb po b\u00ebhen t\u00eb zakonsh\u00ebm n\u00eb shum\u00eb vende t\u00eb bot\u00ebs, p\u00ebrfshir\u00eb k\u00ebtu edhe Shqip\u00ebrin\u00eb. K\u00ebshtu n\u00eb Ukrain\u00eb, humoristi dhe politikani, Volodimir Zelenski kryeson sondazhet p\u00ebr zgjedhjet e ardhshme presidenciale t\u00eb vendit. Nd\u00ebrsa n\u00eb Peru, n\u00eb postin e kryeministrit t\u00eb vendit u betua aktori i njohur i kinematografis\u00eb dhe teatrit, Salvador del Solar. Nga skena [&hellip;]<\/p>\n","protected":false},"author":2013,"featured_media":0,"comment_status":"open","ping_status":"closed","sticky":false,"template":"","format":"standard","meta":{"footnotes":""},"categories":[241,235],"tags":[],"class_list":{"0":"post-73486","1":"post","2":"type-post","3":"status-publish","4":"format-standard","6":"category-aktualitet","7":"category-vendi"},"_links":{"self":[{"href":"https:\/\/zjarr.tv\/en\/wp-json\/wp\/v2\/posts\/73486","targetHints":{"allow":["GET"]}}],"collection":[{"href":"https:\/\/zjarr.tv\/en\/wp-json\/wp\/v2\/posts"}],"about":[{"href":"https:\/\/zjarr.tv\/en\/wp-json\/wp\/v2\/types\/post"}],"author":[{"embeddable":true,"href":"https:\/\/zjarr.tv\/en\/wp-json\/wp\/v2\/users\/2013"}],"replies":[{"embeddable":true,"href":"https:\/\/zjarr.tv\/en\/wp-json\/wp\/v2\/comments?post=73486"}],"version-history":[{"count":0,"href":"https:\/\/zjarr.tv\/en\/wp-json\/wp\/v2\/posts\/73486\/revisions"}],"wp:attachment":[{"href":"https:\/\/zjarr.tv\/en\/wp-json\/wp\/v2\/media?parent=73486"}],"wp:term":[{"taxonomy":"category","embeddable":true,"href":"https:\/\/zjarr.tv\/en\/wp-json\/wp\/v2\/categories?post=73486"},{"taxonomy":"post_tag","embeddable":true,"href":"https:\/\/zjarr.tv\/en\/wp-json\/wp\/v2\/tags?post=73486"}],"curies":[{"name":"wp","href":"https:\/\/api.w.org\/{rel}","templated":true}]}}