{"id":73492,"date":"2019-03-12T13:54:09","date_gmt":"2019-03-12T12:54:09","guid":{"rendered":"https:\/\/zjarr.tv\/?p=73492"},"modified":"2019-03-12T13:54:09","modified_gmt":"2019-03-12T12:54:09","slug":"itali-femijet-nuk-lejohen-ne-shkolle-pa-bere-vaksinat","status":"publish","type":"post","link":"https:\/\/zjarr.tv\/en\/itali-femijet-nuk-lejohen-ne-shkolle-pa-bere-vaksinat\/","title":{"rendered":"Itali\/ F\u00ebmij\u00ebt nuk lejohen n\u00eb shkoll\u00eb pa b\u00ebr\u00eb vaksinat"},"content":{"rendered":"<p>F\u00ebmij\u00ebve italian\u00eb u \u00ebsht\u00eb th\u00ebn\u00eb q\u00eb t\u00eb mos shkojn\u00eb n\u00eb shkoll\u00eb n\u00ebse nuk mund t\u00eb v\u00ebrtetojn\u00eb se jan\u00eb vaksinuar kund\u00ebr s\u00ebmundjeve q\u00eb u \u00ebsht\u00eb k\u00ebrkuar.<\/p>\n<p>P\u00ebrcaktimi i dat\u00ebs s\u00eb fundit p\u00ebr ta b\u00ebr\u00eb nj\u00eb gj\u00eb t\u00eb till\u00eb vjen pas nj\u00eb debati komb\u00ebtar lidhur me vaksinimin e obliguesh\u00ebm.<\/p>\n<p>Prind\u00ebrit rrezikojn\u00eb q\u00eb t\u00eb gjobiten me 500 euro n\u00ebse d\u00ebrgojn\u00eb f\u00ebmij\u00ebt n\u00eb shkoll\u00eb pa e p\u00ebrmbushur k\u00ebt\u00eb detyrim.<\/p>\n<p>Ligji i ri \u00ebsht\u00eb miratuar n\u00eb koh\u00ebn e rritjes s\u00eb madhe t\u00eb rasteve t\u00eb prekura me s\u00ebmundjen e fruthit, mir\u00ebpo zyrtar\u00ebt italian\u00eb kan\u00eb th\u00ebn\u00eb se shkalla e vaksinimit \u00ebsht\u00eb p\u00ebrmir\u00ebsuar prej kur \u00ebsht\u00eb b\u00ebr\u00eb thirrje p\u00ebr nj\u00eb gj\u00eb t\u00eb till\u00eb.<\/p>\n<p>Sipas ligjit italian t\u00eb ashtuquajtur Lorenzin, i em\u00ebruar sipas ministrit t\u00eb Sh\u00ebndet\u00ebsis\u00eb q\u00eb ka hartuar at\u00eb, f\u00ebmij\u00ebt duhet t\u00eb kryejn\u00eb imunizim t\u00eb detyruesh\u00ebm para se t\u00eb nisin shkoll\u00ebn.<\/p>\n<p>Sipas ligjit k\u00ebrkohet q\u00eb ata t\u00eb vaksinohen kund\u00ebr s\u00ebmundjes q\u00eb njihet si lija e ujit, virusit polio, fruthit, dhe disa s\u00ebmundjeve tjera.<\/p>\n<p>F\u00ebmij\u00ebt n\u00ebn mosh\u00ebn gjasht\u00ebvje\u00e7are do t\u00eb p\u00ebrjashtohen nga kopshtet e f\u00ebmij\u00ebve, n\u00ebse nuk kan\u00eb respektuar rregullat e reja.<\/p>\n<p>Data e fundit p\u00ebr t\u00eb kryer vaksinimin ka qen\u00eb 10 marsi, mir\u00ebpo ai \u00ebsht\u00eb zgjatur deri t\u00eb h\u00ebn\u00ebn e k\u00ebsaj jave.<\/p>\n<p>Mediat italiane kan\u00eb raportuar se autoritetet rajonale jan\u00eb duke menaxhuar situat\u00ebn n\u00eb m\u00ebnyra t\u00eb ndryshme.<\/p>\n<p>N\u00eb Bolonj\u00eb autoritetet kan\u00eb d\u00ebrguar njoftim p\u00ebr t\u00eb pakt\u00ebn 300 nxen\u00ebs p\u00ebr p\u00ebrjashtimin e tyre nga institucionet.<\/p>\n<p>&nbsp;<\/p>\n<p>&nbsp;<\/p>","protected":false},"excerpt":{"rendered":"<p>F\u00ebmij\u00ebve italian\u00eb u \u00ebsht\u00eb th\u00ebn\u00eb q\u00eb t\u00eb mos shkojn\u00eb n\u00eb shkoll\u00eb n\u00ebse nuk mund t\u00eb v\u00ebrtetojn\u00eb se jan\u00eb vaksinuar kund\u00ebr s\u00ebmundjeve q\u00eb u \u00ebsht\u00eb k\u00ebrkuar. P\u00ebrcaktimi i dat\u00ebs s\u00eb fundit p\u00ebr ta b\u00ebr\u00eb nj\u00eb gj\u00eb t\u00eb till\u00eb vjen pas nj\u00eb debati komb\u00ebtar lidhur me vaksinimin e obliguesh\u00ebm. Prind\u00ebrit rrezikojn\u00eb q\u00eb t\u00eb gjobiten me 500 euro [&hellip;]<\/p>\n","protected":false},"author":2013,"featured_media":68750,"comment_status":"open","ping_status":"closed","sticky":false,"template":"","format":"standard","meta":{"footnotes":""},"categories":[241,191],"tags":[],"class_list":{"0":"post-73492","1":"post","2":"type-post","3":"status-publish","4":"format-standard","5":"has-post-thumbnail","7":"category-aktualitet","8":"category-bota"},"_links":{"self":[{"href":"https:\/\/zjarr.tv\/en\/wp-json\/wp\/v2\/posts\/73492","targetHints":{"allow":["GET"]}}],"collection":[{"href":"https:\/\/zjarr.tv\/en\/wp-json\/wp\/v2\/posts"}],"about":[{"href":"https:\/\/zjarr.tv\/en\/wp-json\/wp\/v2\/types\/post"}],"author":[{"embeddable":true,"href":"https:\/\/zjarr.tv\/en\/wp-json\/wp\/v2\/users\/2013"}],"replies":[{"embeddable":true,"href":"https:\/\/zjarr.tv\/en\/wp-json\/wp\/v2\/comments?post=73492"}],"version-history":[{"count":0,"href":"https:\/\/zjarr.tv\/en\/wp-json\/wp\/v2\/posts\/73492\/revisions"}],"wp:featuredmedia":[{"embeddable":true,"href":"https:\/\/zjarr.tv\/en\/wp-json\/wp\/v2\/media\/68750"}],"wp:attachment":[{"href":"https:\/\/zjarr.tv\/en\/wp-json\/wp\/v2\/media?parent=73492"}],"wp:term":[{"taxonomy":"category","embeddable":true,"href":"https:\/\/zjarr.tv\/en\/wp-json\/wp\/v2\/categories?post=73492"},{"taxonomy":"post_tag","embeddable":true,"href":"https:\/\/zjarr.tv\/en\/wp-json\/wp\/v2\/tags?post=73492"}],"curies":[{"name":"wp","href":"https:\/\/api.w.org\/{rel}","templated":true}]}}