{"id":73499,"date":"2019-03-12T14:02:34","date_gmt":"2019-03-12T13:02:34","guid":{"rendered":"https:\/\/zjarr.tv\/?p=73499"},"modified":"2019-03-12T14:02:34","modified_gmt":"2019-03-12T13:02:34","slug":"fluks-ne-qendrat-shendetesore-per-shkak-te-virozave","status":"publish","type":"post","link":"https:\/\/zjarr.tv\/en\/fluks-ne-qendrat-shendetesore-per-shkak-te-virozave\/","title":{"rendered":"Fluks n\u00eb qendrat sh\u00ebndet\u00ebsore p\u00ebr shkak t\u00eb virozave"},"content":{"rendered":"<p>Luhatje temperaturave kane sjelle edhe probleme sh\u00ebndet\u00ebsore p\u00ebr shume f\u00ebmij\u00eb te cil\u00ebt jan\u00eb detyruar te marrin mjekim. Mjeket sqarojn\u00eb se jan\u00eb duke u p\u00ebrballur me nj\u00eb fluks t\u00eb lart\u00eb dit\u00ebt e fundit, nd\u00ebrsa problemet me t\u00eb shpeshta jan\u00eb me natyre alergjike. Por edhe virozat e stin\u00ebs vijojn\u00eb t\u00eb ken\u00eb nj\u00eb fluks t\u00eb larte. Mjeket u b\u00ebjn\u00eb apel prind\u00ebrve qe te mos neglizhojn\u00eb as virozat dhe as alergjit\u00eb e stin\u00ebs se pranver\u00ebs per te drejtohen ne spital, pasi ato mund te shkaktojn\u00eb komplikacione tek te vegjlit.<\/p>\n<p>&nbsp;<\/p>","protected":false},"excerpt":{"rendered":"<p>Luhatje temperaturave kane sjelle edhe probleme sh\u00ebndet\u00ebsore p\u00ebr shume f\u00ebmij\u00eb te cil\u00ebt jan\u00eb detyruar te marrin mjekim. Mjeket sqarojn\u00eb se jan\u00eb duke u p\u00ebrballur me nj\u00eb fluks t\u00eb lart\u00eb dit\u00ebt e fundit, nd\u00ebrsa problemet me t\u00eb shpeshta jan\u00eb me natyre alergjike. Por edhe virozat e stin\u00ebs vijojn\u00eb t\u00eb ken\u00eb nj\u00eb fluks t\u00eb larte. Mjeket u [&hellip;]<\/p>\n","protected":false},"author":2013,"featured_media":73500,"comment_status":"open","ping_status":"closed","sticky":false,"template":"","format":"standard","meta":{"footnotes":""},"categories":[241,235],"tags":[],"class_list":{"0":"post-73499","1":"post","2":"type-post","3":"status-publish","4":"format-standard","5":"has-post-thumbnail","7":"category-aktualitet","8":"category-vendi"},"_links":{"self":[{"href":"https:\/\/zjarr.tv\/en\/wp-json\/wp\/v2\/posts\/73499","targetHints":{"allow":["GET"]}}],"collection":[{"href":"https:\/\/zjarr.tv\/en\/wp-json\/wp\/v2\/posts"}],"about":[{"href":"https:\/\/zjarr.tv\/en\/wp-json\/wp\/v2\/types\/post"}],"author":[{"embeddable":true,"href":"https:\/\/zjarr.tv\/en\/wp-json\/wp\/v2\/users\/2013"}],"replies":[{"embeddable":true,"href":"https:\/\/zjarr.tv\/en\/wp-json\/wp\/v2\/comments?post=73499"}],"version-history":[{"count":0,"href":"https:\/\/zjarr.tv\/en\/wp-json\/wp\/v2\/posts\/73499\/revisions"}],"wp:featuredmedia":[{"embeddable":true,"href":"https:\/\/zjarr.tv\/en\/wp-json\/wp\/v2\/media\/73500"}],"wp:attachment":[{"href":"https:\/\/zjarr.tv\/en\/wp-json\/wp\/v2\/media?parent=73499"}],"wp:term":[{"taxonomy":"category","embeddable":true,"href":"https:\/\/zjarr.tv\/en\/wp-json\/wp\/v2\/categories?post=73499"},{"taxonomy":"post_tag","embeddable":true,"href":"https:\/\/zjarr.tv\/en\/wp-json\/wp\/v2\/tags?post=73499"}],"curies":[{"name":"wp","href":"https:\/\/api.w.org\/{rel}","templated":true}]}}