{"id":73502,"date":"2019-03-12T14:05:37","date_gmt":"2019-03-12T13:05:37","guid":{"rendered":"https:\/\/zjarr.tv\/?p=73502"},"modified":"2019-03-12T14:05:37","modified_gmt":"2019-03-12T13:05:37","slug":"vajza-e-ish-yllit-te-milanit-eshte-zhdukur-nuk-e-shoh-prej-3-vitesh","status":"publish","type":"post","link":"https:\/\/zjarr.tv\/en\/vajza-e-ish-yllit-te-milanit-eshte-zhdukur-nuk-e-shoh-prej-3-vitesh\/","title":{"rendered":"Vajza e ish-yllit t\u00eb Milanit: \u00cbsht\u00eb zhdukur, nuk e shoh prej 3 vitesh"},"content":{"rendered":"<p>E ftuar n\u00eb emisionin \u201cDomenica Live\u201d t\u00eb Darbara Dursos, tenistja dhe modelja, Karolajna De Rosa e pranoi se e vuan shum\u00eb faktin q\u00eb prej 3 vitesh nuk e ka takuar t\u00eb atin.<\/p>\n<p>\u201c\u00cbsht\u00eb e v\u00ebshtir\u00eb p\u00ebr mua t\u00eb jem k\u00ebtu. Nuk e kam par\u00eb babain tim prej 3 vitesh. Papritmas ai u zhduk. Nuk e di pse u zhduk. Ai gjithmon\u00eb e festonte dit\u00eblindjen me mua \u00e7do vit. Sapo mbusha 18-vje\u00e7, babai im \u00ebsht\u00eb zhdukur. Nuk ka asnj\u00eb arsye. Hera e fundit q\u00eb e pash\u00eb ishte n\u00eb Brazil, kur kalova Krishtlindjen me t\u00eb. Pas takimit tim t\u00eb fundit, ai m\u00eb telefonoi mua duke m\u00eb th\u00ebn\u00eb se kishte nj\u00eb lajm t\u00eb mir\u00eb p\u00ebr t\u00eb m\u00eb dh\u00ebn\u00eb. Ai m\u00eb tha se presidenti i FIFA-s po k\u00ebrkonte nj\u00eb sekretare dhe ai kishte menduar p\u00ebr mua, duke qen\u00eb se flas shum\u00eb gjuh\u00eb. I thash\u00eb q\u00eb ishte nj\u00eb mund\u00ebsi shum\u00eb e mir\u00eb, por un\u00eb doja t\u00eb p\u00ebrfundoja fillimisht universitetin. Ai u ofendua pas k\u00ebtij refuzimi dhe q\u00ebndrimi i tij ndryshoi menj\u00ebher\u00eb.<\/p>\n<p>Nuk m\u00eb shkruan dhe nuk i p\u00ebrgjigjet thirrjeve t\u00eb mija. Kam numrin e tij t\u00eb telefonin, por ai nuk p\u00ebrgjigjet, nuk e kuptoj q\u00ebndrimin e tij. Baba, m\u00eb mungon v\u00ebrtet\u00eb shum\u00eb\u201d, u shpreh vajza e ish-mesfushorit n\u00eb emision.<\/p>\n<p>Kujtojm\u00eb q\u00eb gjat\u00eb karrier\u00ebs s\u00eb tij, Emerson \u00ebsht\u00eb aktivizuar me Rom\u00ebn, Juventusin, Realin e Madridit, Milanit, etj.<\/p>\n<p>&nbsp;<\/p>\n<p>&nbsp;<\/p>","protected":false},"excerpt":{"rendered":"<p>E ftuar n\u00eb emisionin \u201cDomenica Live\u201d t\u00eb Darbara Dursos, tenistja dhe modelja, Karolajna De Rosa e pranoi se e vuan shum\u00eb faktin q\u00eb prej 3 vitesh nuk e ka takuar t\u00eb atin. \u201c\u00cbsht\u00eb e v\u00ebshtir\u00eb p\u00ebr mua t\u00eb jem k\u00ebtu. Nuk e kam par\u00eb babain tim prej 3 vitesh. Papritmas ai u zhduk. Nuk e [&hellip;]<\/p>\n","protected":false},"author":2013,"featured_media":0,"comment_status":"open","ping_status":"closed","sticky":false,"template":"","format":"standard","meta":{"footnotes":""},"categories":[192],"tags":[],"class_list":{"0":"post-73502","1":"post","2":"type-post","3":"status-publish","4":"format-standard","6":"category-sport"},"_links":{"self":[{"href":"https:\/\/zjarr.tv\/en\/wp-json\/wp\/v2\/posts\/73502","targetHints":{"allow":["GET"]}}],"collection":[{"href":"https:\/\/zjarr.tv\/en\/wp-json\/wp\/v2\/posts"}],"about":[{"href":"https:\/\/zjarr.tv\/en\/wp-json\/wp\/v2\/types\/post"}],"author":[{"embeddable":true,"href":"https:\/\/zjarr.tv\/en\/wp-json\/wp\/v2\/users\/2013"}],"replies":[{"embeddable":true,"href":"https:\/\/zjarr.tv\/en\/wp-json\/wp\/v2\/comments?post=73502"}],"version-history":[{"count":0,"href":"https:\/\/zjarr.tv\/en\/wp-json\/wp\/v2\/posts\/73502\/revisions"}],"wp:attachment":[{"href":"https:\/\/zjarr.tv\/en\/wp-json\/wp\/v2\/media?parent=73502"}],"wp:term":[{"taxonomy":"category","embeddable":true,"href":"https:\/\/zjarr.tv\/en\/wp-json\/wp\/v2\/categories?post=73502"},{"taxonomy":"post_tag","embeddable":true,"href":"https:\/\/zjarr.tv\/en\/wp-json\/wp\/v2\/tags?post=73502"}],"curies":[{"name":"wp","href":"https:\/\/api.w.org\/{rel}","templated":true}]}}