{"id":73508,"date":"2019-03-12T14:17:16","date_gmt":"2019-03-12T13:17:16","guid":{"rendered":"https:\/\/zjarr.tv\/?p=73508"},"modified":"2019-03-12T14:17:16","modified_gmt":"2019-03-12T13:17:16","slug":"rama-pedagoget-frike-nga-vetting","status":"publish","type":"post","link":"https:\/\/zjarr.tv\/en\/rama-pedagoget-frike-nga-vetting\/","title":{"rendered":"Rama: Pedagog\u00ebt frik\u00eb nga vetting"},"content":{"rendered":"<p><em>Pakti p\u00ebr Universitetet i lindur pas protestave t\u00eb student\u00ebve ka mbetur n\u00eb vend num\u00ebro. Kryeministri Edi Rama ka akuzuar pedagog\u00ebt se e kan\u00eb bllokuar procesin, dhe shkak sipas tij \u00ebsht\u00eb frika nga vettingu. Sa i p\u00ebrket pun\u00ebsimit t\u00eb ekselent\u00ebve, ai shprehet se kjo \u00ebsht\u00eb shenj\u00eb e shk\u00ebputjes s\u00eb administrat\u00ebs nga politika<\/em><\/p>\n<p>Kryeministri Edi Rama n\u00eb nj\u00eb takim t\u00eb zhvilluar me student\u00ebt e ekselenc\u00ebs ka akuzuar pedagog\u00ebt se kan\u00eb bllokuar zbatimin e projektit Pakti me Universitetet t\u00eb nisur pas protest\u00ebs s\u00eb student\u00ebve. Sipas tij, shkaku \u00ebsht\u00eb frika nga vettingu.<\/p>\n<p>Pun\u00ebsimin e 373 t\u00eb rinjve ekselent\u00eb n\u00eb administrat\u00eb, kreu i qeveris\u00eb Edi Rama e shikon si nj\u00eb moment t\u00eb r\u00ebnd\u00ebsish\u00ebm ndryshimi, pasi sipas tij frenon edhe pun\u00ebsimet politike apo t\u00eb paaft\u00ebt.<\/p>\n<p>Menj\u00ebher\u00eb pas takimit t\u00eb Kryeministrit me t\u00eb rinjt\u00eb e pun\u00ebsuar ka reaguar edhe kreu i t\u00eb rinjve demokrat.<\/p>\n<p>Belind K\u00eblli\u00e7i akuzon qeverin\u00eb se po mashtron n\u00eb lidhje me pun\u00ebsimet pasi p\u00ebr nj\u00ebr\u00ebn nga vajzat ekselente Enkelejda Shala, K\u00eblli\u00e7i tregon se \u00ebsht\u00eb pun\u00ebsuar q\u00eb n\u00eb vitin 2016 nga Erion Veliaj n\u00eb Bashkin\u00eb e Tiran\u00ebs.<\/p>\n<p>&nbsp;<\/p>","protected":false},"excerpt":{"rendered":"<p>Pakti p\u00ebr Universitetet i lindur pas protestave t\u00eb student\u00ebve ka mbetur n\u00eb vend num\u00ebro. Kryeministri Edi Rama ka akuzuar pedagog\u00ebt se e kan\u00eb bllokuar procesin, dhe shkak sipas tij \u00ebsht\u00eb frika nga vettingu. Sa i p\u00ebrket pun\u00ebsimit t\u00eb ekselent\u00ebve, ai shprehet se kjo \u00ebsht\u00eb shenj\u00eb e shk\u00ebputjes s\u00eb administrat\u00ebs nga politika Kryeministri Edi Rama n\u00eb [&hellip;]<\/p>\n","protected":false},"author":2013,"featured_media":55071,"comment_status":"open","ping_status":"closed","sticky":false,"template":"","format":"standard","meta":{"footnotes":""},"categories":[241,235],"tags":[],"class_list":{"0":"post-73508","1":"post","2":"type-post","3":"status-publish","4":"format-standard","5":"has-post-thumbnail","7":"category-aktualitet","8":"category-vendi"},"_links":{"self":[{"href":"https:\/\/zjarr.tv\/en\/wp-json\/wp\/v2\/posts\/73508","targetHints":{"allow":["GET"]}}],"collection":[{"href":"https:\/\/zjarr.tv\/en\/wp-json\/wp\/v2\/posts"}],"about":[{"href":"https:\/\/zjarr.tv\/en\/wp-json\/wp\/v2\/types\/post"}],"author":[{"embeddable":true,"href":"https:\/\/zjarr.tv\/en\/wp-json\/wp\/v2\/users\/2013"}],"replies":[{"embeddable":true,"href":"https:\/\/zjarr.tv\/en\/wp-json\/wp\/v2\/comments?post=73508"}],"version-history":[{"count":0,"href":"https:\/\/zjarr.tv\/en\/wp-json\/wp\/v2\/posts\/73508\/revisions"}],"wp:featuredmedia":[{"embeddable":true,"href":"https:\/\/zjarr.tv\/en\/wp-json\/wp\/v2\/media\/55071"}],"wp:attachment":[{"href":"https:\/\/zjarr.tv\/en\/wp-json\/wp\/v2\/media?parent=73508"}],"wp:term":[{"taxonomy":"category","embeddable":true,"href":"https:\/\/zjarr.tv\/en\/wp-json\/wp\/v2\/categories?post=73508"},{"taxonomy":"post_tag","embeddable":true,"href":"https:\/\/zjarr.tv\/en\/wp-json\/wp\/v2\/tags?post=73508"}],"curies":[{"name":"wp","href":"https:\/\/api.w.org\/{rel}","templated":true}]}}