{"id":73515,"date":"2019-03-12T14:27:15","date_gmt":"2019-03-12T13:27:15","guid":{"rendered":"https:\/\/zjarr.tv\/?p=73515"},"modified":"2019-03-12T14:27:15","modified_gmt":"2019-03-12T13:27:15","slug":"gruaja-akuza-ndaj-salvinit-u-tall-me-mua-ne-internet","status":"publish","type":"post","link":"https:\/\/zjarr.tv\/en\/gruaja-akuza-ndaj-salvinit-u-tall-me-mua-ne-internet\/","title":{"rendered":"Gruaja akuza ndaj Salvinit: U tall me mua n\u00eb internet"},"content":{"rendered":"<p>Nj\u00eb grua tha se \u00ebsht\u00eb tallur n\u00eb internet nga z\u00ebvend\u00ebskryeministri dhe ministri i Brendsh\u00ebm italian Mateo Salvini. Ajo ka ngritur akuza ndaj tij, duke th\u00ebn\u00eb se ministri i Brendsh\u00ebm provokoi nj\u00eb p\u00ebrplasjeje mesazhesh dhe ka l\u00ebshuar &#8220;k\u00ebrc\u00ebnime t\u00eb ndyra&#8221; ndaj saj. Giulia Viola Pacilli, 22 vje\u00e7e, u fotografua gjat\u00eb nj\u00eb marshimi kund\u00ebr racizmit n\u00eb Milano m\u00eb 2 mars duke mbajtur nj\u00eb tabel\u00eb q\u00eb lexonte &#8220;M\u00eb mir\u00eb t\u00eb jesh nj\u00eb burr\u00eb dhe nj\u00eb e p\u00ebrdal\u00eb sesa nj\u00eb fashiste dhe salviniste&#8221;.\u00a0 N\u00eb marshim besohet se kan\u00eb marr\u00eb pjes\u00eb m\u00eb shum\u00eb se 250 mij\u00eb njer\u00ebz. Dy dit\u00eb m\u00eb von\u00eb fotografia u nda nga Salvini, i cili drejton Lidhjen e ekstremit t\u00eb djatht\u00eb, n\u00eb faqen e tij n\u00eb &#8220;Facebook&#8221; s\u00eb bashku me mesazhin sarkastik &#8220;\u00c7&#8217;grua e bukur&#8221;, shkruan Guardian. Studentja u b\u00eb objekt talljeje online, duke u v\u00ebn\u00eb n\u00eb loj\u00eb, me shprehje t\u00eb tilla si &#8220;n\u00ebse donte t\u00eb kishte t\u00eb b\u00ebnte shum\u00eb m\u00eb tep\u00ebr nga se duhet me emigrant\u00ebt&#8221;. Avokati i saj, Giovanni Pintimalli, tha se do t\u00eb ngrihet padi penale p\u00ebr shpifje ndaj m\u00eb shum\u00eb se 200 vetave q\u00eb u tall\u00ebn online me Giulian.<\/p>\n<p>&nbsp;<\/p>\n<p>&nbsp;<\/p>","protected":false},"excerpt":{"rendered":"<p>Nj\u00eb grua tha se \u00ebsht\u00eb tallur n\u00eb internet nga z\u00ebvend\u00ebskryeministri dhe ministri i Brendsh\u00ebm italian Mateo Salvini. Ajo ka ngritur akuza ndaj tij, duke th\u00ebn\u00eb se ministri i Brendsh\u00ebm provokoi nj\u00eb p\u00ebrplasjeje mesazhesh dhe ka l\u00ebshuar &#8220;k\u00ebrc\u00ebnime t\u00eb ndyra&#8221; ndaj saj. Giulia Viola Pacilli, 22 vje\u00e7e, u fotografua gjat\u00eb nj\u00eb marshimi kund\u00ebr racizmit n\u00eb Milano [&hellip;]<\/p>\n","protected":false},"author":2013,"featured_media":0,"comment_status":"open","ping_status":"closed","sticky":false,"template":"","format":"standard","meta":{"footnotes":""},"categories":[241,191],"tags":[],"class_list":{"0":"post-73515","1":"post","2":"type-post","3":"status-publish","4":"format-standard","6":"category-aktualitet","7":"category-bota"},"_links":{"self":[{"href":"https:\/\/zjarr.tv\/en\/wp-json\/wp\/v2\/posts\/73515","targetHints":{"allow":["GET"]}}],"collection":[{"href":"https:\/\/zjarr.tv\/en\/wp-json\/wp\/v2\/posts"}],"about":[{"href":"https:\/\/zjarr.tv\/en\/wp-json\/wp\/v2\/types\/post"}],"author":[{"embeddable":true,"href":"https:\/\/zjarr.tv\/en\/wp-json\/wp\/v2\/users\/2013"}],"replies":[{"embeddable":true,"href":"https:\/\/zjarr.tv\/en\/wp-json\/wp\/v2\/comments?post=73515"}],"version-history":[{"count":0,"href":"https:\/\/zjarr.tv\/en\/wp-json\/wp\/v2\/posts\/73515\/revisions"}],"wp:attachment":[{"href":"https:\/\/zjarr.tv\/en\/wp-json\/wp\/v2\/media?parent=73515"}],"wp:term":[{"taxonomy":"category","embeddable":true,"href":"https:\/\/zjarr.tv\/en\/wp-json\/wp\/v2\/categories?post=73515"},{"taxonomy":"post_tag","embeddable":true,"href":"https:\/\/zjarr.tv\/en\/wp-json\/wp\/v2\/tags?post=73515"}],"curies":[{"name":"wp","href":"https:\/\/api.w.org\/{rel}","templated":true}]}}