{"id":73540,"date":"2019-03-12T15:05:32","date_gmt":"2019-03-12T14:05:32","guid":{"rendered":"https:\/\/zjarr.tv\/?p=73540"},"modified":"2019-03-12T15:05:32","modified_gmt":"2019-03-12T14:05:32","slug":"itali-kapet-shqiptari-i-shumekerkuar","status":"publish","type":"post","link":"https:\/\/zjarr.tv\/en\/itali-kapet-shqiptari-i-shumekerkuar\/","title":{"rendered":"Itali\/ Kapet shqiptari i shum\u00ebk\u00ebrkuar"},"content":{"rendered":"<p>Nj\u00eb shtetas shqiptar me iniciale R.D, 32 vje\u00e7, ka r\u00ebn\u00eb n\u00eb prangat e policis\u00eb italiane. I riu shqiptar k\u00ebrkohej p\u00ebr krime t\u00eb b\u00ebra gjat\u00eb viteve 2007-2013, mes t\u00eb cilave edhe shp\u00ebrndarje t\u00eb l\u00ebnd\u00ebve narkotike dhe vjedhje n\u00eb banes\u00eb. 31-vje\u00e7ari, sipas mediave italiane, ndodhet i mbyllur n\u00eb burgun e Gjenov\u00ebs, ku duhet t\u00eb shlyej\u00eb d\u00ebnimin e tij t\u00eb 9 viteve burg, ose pages\u00ebn e nj\u00eb shifre 50 mij\u00eb euro.<\/p>","protected":false},"excerpt":{"rendered":"<p>Nj\u00eb shtetas shqiptar me iniciale R.D, 32 vje\u00e7, ka r\u00ebn\u00eb n\u00eb prangat e policis\u00eb italiane. I riu shqiptar k\u00ebrkohej p\u00ebr krime t\u00eb b\u00ebra gjat\u00eb viteve 2007-2013, mes t\u00eb cilave edhe shp\u00ebrndarje t\u00eb l\u00ebnd\u00ebve narkotike dhe vjedhje n\u00eb banes\u00eb. 31-vje\u00e7ari, sipas mediave italiane, ndodhet i mbyllur n\u00eb burgun e Gjenov\u00ebs, ku duhet t\u00eb shlyej\u00eb d\u00ebnimin e [&hellip;]<\/p>\n","protected":false},"author":2013,"featured_media":0,"comment_status":"open","ping_status":"closed","sticky":false,"template":"","format":"standard","meta":{"footnotes":""},"categories":[241,235],"tags":[],"class_list":{"0":"post-73540","1":"post","2":"type-post","3":"status-publish","4":"format-standard","6":"category-aktualitet","7":"category-vendi"},"_links":{"self":[{"href":"https:\/\/zjarr.tv\/en\/wp-json\/wp\/v2\/posts\/73540","targetHints":{"allow":["GET"]}}],"collection":[{"href":"https:\/\/zjarr.tv\/en\/wp-json\/wp\/v2\/posts"}],"about":[{"href":"https:\/\/zjarr.tv\/en\/wp-json\/wp\/v2\/types\/post"}],"author":[{"embeddable":true,"href":"https:\/\/zjarr.tv\/en\/wp-json\/wp\/v2\/users\/2013"}],"replies":[{"embeddable":true,"href":"https:\/\/zjarr.tv\/en\/wp-json\/wp\/v2\/comments?post=73540"}],"version-history":[{"count":0,"href":"https:\/\/zjarr.tv\/en\/wp-json\/wp\/v2\/posts\/73540\/revisions"}],"wp:attachment":[{"href":"https:\/\/zjarr.tv\/en\/wp-json\/wp\/v2\/media?parent=73540"}],"wp:term":[{"taxonomy":"category","embeddable":true,"href":"https:\/\/zjarr.tv\/en\/wp-json\/wp\/v2\/categories?post=73540"},{"taxonomy":"post_tag","embeddable":true,"href":"https:\/\/zjarr.tv\/en\/wp-json\/wp\/v2\/tags?post=73540"}],"curies":[{"name":"wp","href":"https:\/\/api.w.org\/{rel}","templated":true}]}}