{"id":73553,"date":"2019-03-12T15:53:08","date_gmt":"2019-03-12T14:53:08","guid":{"rendered":"https:\/\/zjarr.tv\/?p=73553"},"modified":"2019-03-12T15:53:08","modified_gmt":"2019-03-12T14:53:08","slug":"arrsh-ne-keto-akse-kalohet-vetem-me-zinxhire","status":"publish","type":"post","link":"https:\/\/zjarr.tv\/en\/arrsh-ne-keto-akse-kalohet-vetem-me-zinxhire\/","title":{"rendered":"ARRSH: N\u00eb k\u00ebto akse kalohet vet\u00ebm me zinxhir\u00eb"},"content":{"rendered":"<p>P\u00ebrkeq\u00ebsimi i motit dhe r\u00ebnia e papritur e temperaturave e shoq\u00ebruar me reshje t\u00eb vazhdueshme d\u00ebbor\u00eb, ka sjell\u00eb v\u00ebshtir\u00ebsi p\u00ebr kalimin n\u00eb disa akse rruge. Ndaj edhe ARRSH njofton t\u00eb gjith\u00eb drejtuesit t\u00eb ken\u00eb kujdes n\u00eb akset Boboshtic\u00eb-Dardhq\u00eb-Qaf\u00eb Qarri-Ersek\u00eb si dhe Voskop-Voskopoj\u00eb, ku qarkullimi mund t\u00eb b\u00ebhet vet\u00ebm me zinxhir.<\/p>\n<p>\u201cN\u00eb juglindje reshjet e d\u00ebbor\u00ebs vazhdojn\u00eb ende me intesitet te larte prej ores 12:00.<\/p>\n<p>Po punohet per mir\u00ebmbajtjen dim\u00ebrore.<\/p>\n<p>Kalimi b\u00ebhet me zinxhir n\u00eb rrug\u00ebn Boboshtic\u00eb \u2013 Dardh\u00eb, Kor\u00e7\u00eb \u2013 Qaf\u00eb Qarri \u2013 Ersek\u00eb nga km 14 -25. Voskop-Voskopoje pjes\u00ebrisht me zinxhir. N\u00eb akset e tjera kalimi pa zinxhir.\u201d-njofton ARRSH.<\/p>\n<p>&nbsp;<\/p>","protected":false},"excerpt":{"rendered":"<p>P\u00ebrkeq\u00ebsimi i motit dhe r\u00ebnia e papritur e temperaturave e shoq\u00ebruar me reshje t\u00eb vazhdueshme d\u00ebbor\u00eb, ka sjell\u00eb v\u00ebshtir\u00ebsi p\u00ebr kalimin n\u00eb disa akse rruge. Ndaj edhe ARRSH njofton t\u00eb gjith\u00eb drejtuesit t\u00eb ken\u00eb kujdes n\u00eb akset Boboshtic\u00eb-Dardhq\u00eb-Qaf\u00eb Qarri-Ersek\u00eb si dhe Voskop-Voskopoj\u00eb, ku qarkullimi mund t\u00eb b\u00ebhet vet\u00ebm me zinxhir. \u201cN\u00eb juglindje reshjet e d\u00ebbor\u00ebs [&hellip;]<\/p>\n","protected":false},"author":2013,"featured_media":0,"comment_status":"open","ping_status":"closed","sticky":false,"template":"","format":"standard","meta":{"footnotes":""},"categories":[241,235],"tags":[],"class_list":{"0":"post-73553","1":"post","2":"type-post","3":"status-publish","4":"format-standard","6":"category-aktualitet","7":"category-vendi"},"_links":{"self":[{"href":"https:\/\/zjarr.tv\/en\/wp-json\/wp\/v2\/posts\/73553","targetHints":{"allow":["GET"]}}],"collection":[{"href":"https:\/\/zjarr.tv\/en\/wp-json\/wp\/v2\/posts"}],"about":[{"href":"https:\/\/zjarr.tv\/en\/wp-json\/wp\/v2\/types\/post"}],"author":[{"embeddable":true,"href":"https:\/\/zjarr.tv\/en\/wp-json\/wp\/v2\/users\/2013"}],"replies":[{"embeddable":true,"href":"https:\/\/zjarr.tv\/en\/wp-json\/wp\/v2\/comments?post=73553"}],"version-history":[{"count":0,"href":"https:\/\/zjarr.tv\/en\/wp-json\/wp\/v2\/posts\/73553\/revisions"}],"wp:attachment":[{"href":"https:\/\/zjarr.tv\/en\/wp-json\/wp\/v2\/media?parent=73553"}],"wp:term":[{"taxonomy":"category","embeddable":true,"href":"https:\/\/zjarr.tv\/en\/wp-json\/wp\/v2\/categories?post=73553"},{"taxonomy":"post_tag","embeddable":true,"href":"https:\/\/zjarr.tv\/en\/wp-json\/wp\/v2\/tags?post=73553"}],"curies":[{"name":"wp","href":"https:\/\/api.w.org\/{rel}","templated":true}]}}