{"id":73561,"date":"2019-03-12T16:05:47","date_gmt":"2019-03-12T15:05:47","guid":{"rendered":"https:\/\/zjarr.tv\/?p=73561"},"modified":"2019-03-12T16:05:47","modified_gmt":"2019-03-12T15:05:47","slug":"ligoraq-karamelo-behet-deputet-ralf-gjoni-dorezon-formularin-e-dekriminalizimit","status":"publish","type":"post","link":"https:\/\/zjarr.tv\/en\/ligoraq-karamelo-behet-deputet-ralf-gjoni-dorezon-formularin-e-dekriminalizimit\/","title":{"rendered":"Ligoraq Karamelo b\u00ebhet deputet. Ralf Gjoni dor\u00ebzon formularin e dekriminalizimit"},"content":{"rendered":"<p>Nj\u00eb tjet\u00ebr deputet i shtohet Parlamentit. Ervin Salianji \u00ebsht\u00eb z\u00ebvend\u00ebsuar k\u00ebshtu nga Ligoraq Karamelo q\u00eb ndodhej n\u00eb list\u00eb n\u00ebn sigl\u00ebn e PBDNJ.<\/p>\n<p>M\u00eb her\u00ebt kur ka vendosur t\u00eb pranoj\u00eb mandatin, Karamelo \u00ebsht\u00eb shprehur se zgjedhjet e 2017-s jan\u00eb zgjedhjelegjitime, nd\u00ebrsa theksoi se legjitimitein e zgjedhjeve nuk e p\u00ebrcaktojn\u00eb pal\u00ebt politike n\u00eb Shqip\u00ebri, por nd\u00ebrkomb\u00ebtar\u00ebt.<\/p>\n<p>Nga ana tjet\u00ebr nj\u00eb tjet\u00ebr kandidat i L\u00ebvizjes Socialiste p\u00ebr Integrim ka dor\u00ebzuar sot n\u00eb KQZ, formularin e dekriminalizimit dhe p\u00ebr rrjedhoj\u00eb k\u00ebrkon t\u00eb marr\u00eb mandatin e deputetit.<\/p>\n<p>M\u00ebsohet se n\u00eb KQZ \u00ebsht\u00eb dor\u00ebzuar sot formulari i kandidatit t\u00eb LSI-s\u00eb, Ralf Gjoni. Gjoni ka qen\u00eb n\u00eb zgjedhjet e fundit n\u00eb list\u00ebn e LSI-s\u00eb n\u00eb Qarkun e Tiran\u00ebs.<\/p>\n<p>Ai ka qen\u00eb i 11-ti n\u00eb list\u00eb, nd\u00ebrkoh\u00eb q\u00eb pas dor\u00ebheqjes s\u00eb deputet\u00ebve t\u00eb LSI-s\u00eb ai k\u00ebrkon t\u00eb p\u00ebrfitoj\u00eb mandatin e deputetit. Aktualisht nga LSI kan\u00eb marr\u00eb mandatin 4 kandidat\u00eb, t\u00eb cil\u00ebt u betuan n\u00eb Parlament.<\/p>","protected":false},"excerpt":{"rendered":"<p>Nj\u00eb tjet\u00ebr deputet i shtohet Parlamentit. Ervin Salianji \u00ebsht\u00eb z\u00ebvend\u00ebsuar k\u00ebshtu nga Ligoraq Karamelo q\u00eb ndodhej n\u00eb list\u00eb n\u00ebn sigl\u00ebn e PBDNJ. M\u00eb her\u00ebt kur ka vendosur t\u00eb pranoj\u00eb mandatin, Karamelo \u00ebsht\u00eb shprehur se zgjedhjet e 2017-s jan\u00eb zgjedhjelegjitime, nd\u00ebrsa theksoi se legjitimitein e zgjedhjeve nuk e p\u00ebrcaktojn\u00eb pal\u00ebt politike n\u00eb Shqip\u00ebri, por nd\u00ebrkomb\u00ebtar\u00ebt. Nga [&hellip;]<\/p>\n","protected":false},"author":4,"featured_media":73562,"comment_status":"open","ping_status":"closed","sticky":false,"template":"","format":"standard","meta":{"footnotes":""},"categories":[241,231,235],"tags":[],"class_list":{"0":"post-73561","1":"post","2":"type-post","3":"status-publish","4":"format-standard","5":"has-post-thumbnail","7":"category-aktualitet","8":"category-lajme","9":"category-vendi"},"_links":{"self":[{"href":"https:\/\/zjarr.tv\/en\/wp-json\/wp\/v2\/posts\/73561","targetHints":{"allow":["GET"]}}],"collection":[{"href":"https:\/\/zjarr.tv\/en\/wp-json\/wp\/v2\/posts"}],"about":[{"href":"https:\/\/zjarr.tv\/en\/wp-json\/wp\/v2\/types\/post"}],"author":[{"embeddable":true,"href":"https:\/\/zjarr.tv\/en\/wp-json\/wp\/v2\/users\/4"}],"replies":[{"embeddable":true,"href":"https:\/\/zjarr.tv\/en\/wp-json\/wp\/v2\/comments?post=73561"}],"version-history":[{"count":0,"href":"https:\/\/zjarr.tv\/en\/wp-json\/wp\/v2\/posts\/73561\/revisions"}],"wp:featuredmedia":[{"embeddable":true,"href":"https:\/\/zjarr.tv\/en\/wp-json\/wp\/v2\/media\/73562"}],"wp:attachment":[{"href":"https:\/\/zjarr.tv\/en\/wp-json\/wp\/v2\/media?parent=73561"}],"wp:term":[{"taxonomy":"category","embeddable":true,"href":"https:\/\/zjarr.tv\/en\/wp-json\/wp\/v2\/categories?post=73561"},{"taxonomy":"post_tag","embeddable":true,"href":"https:\/\/zjarr.tv\/en\/wp-json\/wp\/v2\/tags?post=73561"}],"curies":[{"name":"wp","href":"https:\/\/api.w.org\/{rel}","templated":true}]}}