{"id":73593,"date":"2019-03-12T17:57:32","date_gmt":"2019-03-12T16:57:32","guid":{"rendered":"https:\/\/zjarr.tv\/?p=73593"},"modified":"2019-03-12T17:57:32","modified_gmt":"2019-03-12T16:57:32","slug":"xhacka-kroacia-te-mbeshtese-proceset-integruese-te-kosoves","status":"publish","type":"post","link":"https:\/\/zjarr.tv\/en\/xhacka-kroacia-te-mbeshtese-proceset-integruese-te-kosoves\/","title":{"rendered":"Xha\u00e7ka: Kroacia t\u00eb mb\u00ebshtes\u00eb proceset integruese t\u00eb Kosov\u00ebs"},"content":{"rendered":"<p>Ministrja e Mbrojtjes, Olta Xha\u00e7ka ndodhet n\u00eb nje vizit\u00eb zyrtare nj\u00eb Koraci, ku \u00ebsht\u00eb takuar me homologun e saj Damir Krsti\u010devi\u0107 ku kan\u00eb diskutuar n\u00eb lidhje me marr\u00ebdh\u00ebniet dhe bashk\u00ebpunimin e dy vendeve. N\u00eb takimin mes z\u00ebvend\u00ebskryeministrit dhe nj\u00ebher\u00ebsh ministrit t\u00eb Mbrojtjes kroat Krsti\u010devi\u0107 me ministren Xha\u00e7ka, u vler\u00ebsuan marr\u00ebdh\u00ebniet e shk\u00eblqyera dypal\u00ebshe n\u00eb vite, si dhe u diskutua p\u00ebr sfidat aktuale t\u00eb siguris\u00eb n\u00eb Ballkanin Per\u00ebndimor. Nd\u00ebr t\u00eb tjera n\u00eb k\u00ebt\u00eb takim dy ministrat ndan\u00eb t\u00eb nj\u00ebjtin mendim se an\u00ebtar\u00ebsimi i Shqip\u00ebris\u00eb dhe Kroacis\u00eb n\u00eb NATO, ka kontribuar m\u00eb tej n\u00eb q\u00ebndrueshm\u00ebrin\u00eb e rajonit. Ministri Krsti\u010devi\u0107 u shpreh i lumtur p\u00ebr n\u00ebnshkrimim memorandumit dhe shprehu mir\u00ebnjohje p\u00ebr vendin ton\u00eb q\u00eb, i \u00ebsht\u00eb p\u00ebrgjigjur pozitivisht k\u00ebrkes\u00ebs s\u00eb Kroacis\u00eb p\u00ebr nj\u00eb st\u00ebrvitje t\u00eb p\u00ebrbashk\u00ebt n\u00eb kuad\u00ebr t\u00eb 10 \u2013 Vjetorit t\u00eb An\u00ebtar\u00ebsimit n\u00eb NATO.<\/p>\n<p>Nga ana tjet\u00ebr ministrja Xha\u00e7ka k\u00ebrkoi nga Kroacia t\u00eb vazhdoj\u00eb t\u00eb mb\u00ebshtes\u00eb Kosov\u00ebn n\u00eb rrug\u00ebn e saj t\u00eb integrimit euroatlantik, p\u00ebr t\u00eb siguruar integrim t\u00eb plot\u00eb, t\u00eb t\u00eb gjith\u00eb Ballkanit Per\u00ebndimor n\u00eb NATO dhe n\u00eb Bashkimin Evropian. Gjithashtu, ministrja Xha\u00e7ka vler\u00ebsoi r\u00ebnd\u00ebsin\u00eb e memorandumit, i cili n\u00ebnshkruhet pas 16 vitesh dhe q\u00eb i p\u00ebrshtatet sfidave t\u00eb koh\u00ebs.<\/p>\n<p>\u201cMbas 16 vjet\u00ebsh jam e bindur q\u00eb ky Memorandum do t\u00eb sjell\u00eb nj\u00eb hov t\u00eb ri t\u00eb bashk\u00ebpunimit n\u00eb fush\u00ebn e Mbrojtjes nd\u00ebrmjet dy vendeve tona, sikund\u00ebr jam e bindur q\u00eb ky Memorandum i ri Mir\u00ebkuptimi, do t\u00eb riorientoj\u00eb edhe fokusin e nd\u00ebrveprimit n\u00eb fush\u00ebn e Mbrojtjes dhe Siguris\u00eb nd\u00ebrmjet vendeve tona, duke iu p\u00ebrshtatur sfidave t\u00eb reja, nevojave specifike, angazhimit t\u00eb p\u00ebrbashk\u00ebt bilateral, por edhe bashk\u00ebpunimit rajonal dhe at\u00eb NATO.\u201d<\/p>\n<p>Xha\u00e7ka ka theksuar se \u00ebsht\u00eb e sigurt se bashk\u00ebpunimi mes dy vendeve do t\u00eb jet\u00eb edhe m\u00eb cil\u00ebsor, duke sh\u00ebrbyer si nj\u00eb element ky\u00e7 n\u00eb interes t\u00eb siguris\u00eb dhe stabilitetit n\u00eb rajonin e Ballkanit Per\u00ebndimor dhe n\u00eb zon\u00ebn Euroatlantike.<\/p>\n<p>&nbsp;<\/p>","protected":false},"excerpt":{"rendered":"<p>Ministrja e Mbrojtjes, Olta Xha\u00e7ka ndodhet n\u00eb nje vizit\u00eb zyrtare nj\u00eb Koraci, ku \u00ebsht\u00eb takuar me homologun e saj Damir Krsti\u010devi\u0107 ku kan\u00eb diskutuar n\u00eb lidhje me marr\u00ebdh\u00ebniet dhe bashk\u00ebpunimin e dy vendeve. N\u00eb takimin mes z\u00ebvend\u00ebskryeministrit dhe nj\u00ebher\u00ebsh ministrit t\u00eb Mbrojtjes kroat Krsti\u010devi\u0107 me ministren Xha\u00e7ka, u vler\u00ebsuan marr\u00ebdh\u00ebniet e shk\u00eblqyera dypal\u00ebshe n\u00eb vite, [&hellip;]<\/p>\n","protected":false},"author":2013,"featured_media":0,"comment_status":"open","ping_status":"closed","sticky":false,"template":"","format":"standard","meta":{"footnotes":""},"categories":[241,235],"tags":[],"class_list":{"0":"post-73593","1":"post","2":"type-post","3":"status-publish","4":"format-standard","6":"category-aktualitet","7":"category-vendi"},"_links":{"self":[{"href":"https:\/\/zjarr.tv\/en\/wp-json\/wp\/v2\/posts\/73593","targetHints":{"allow":["GET"]}}],"collection":[{"href":"https:\/\/zjarr.tv\/en\/wp-json\/wp\/v2\/posts"}],"about":[{"href":"https:\/\/zjarr.tv\/en\/wp-json\/wp\/v2\/types\/post"}],"author":[{"embeddable":true,"href":"https:\/\/zjarr.tv\/en\/wp-json\/wp\/v2\/users\/2013"}],"replies":[{"embeddable":true,"href":"https:\/\/zjarr.tv\/en\/wp-json\/wp\/v2\/comments?post=73593"}],"version-history":[{"count":0,"href":"https:\/\/zjarr.tv\/en\/wp-json\/wp\/v2\/posts\/73593\/revisions"}],"wp:attachment":[{"href":"https:\/\/zjarr.tv\/en\/wp-json\/wp\/v2\/media?parent=73593"}],"wp:term":[{"taxonomy":"category","embeddable":true,"href":"https:\/\/zjarr.tv\/en\/wp-json\/wp\/v2\/categories?post=73593"},{"taxonomy":"post_tag","embeddable":true,"href":"https:\/\/zjarr.tv\/en\/wp-json\/wp\/v2\/tags?post=73593"}],"curies":[{"name":"wp","href":"https:\/\/api.w.org\/{rel}","templated":true}]}}