{"id":73671,"date":"2019-03-13T15:31:16","date_gmt":"2019-03-13T14:31:16","guid":{"rendered":"https:\/\/zjarr.tv\/?p=73671"},"modified":"2019-03-13T15:31:16","modified_gmt":"2019-03-13T14:31:16","slug":"greqia-ekonomia-me-e-mire-e-eurozones","status":"publish","type":"post","link":"https:\/\/zjarr.tv\/en\/greqia-ekonomia-me-e-mire-e-eurozones\/","title":{"rendered":"Greqia\/ Ekonomia m\u00eb e mir\u00eb e Eurozon\u00ebs"},"content":{"rendered":"<p>Greqia ka hyr\u00eb n\u00eb nj\u00eb periudh\u00eb rritjeje ekonomike e tani \u201crenditet mes vendeve me ecurin\u00eb m\u00eb t\u00eb mir\u00eb n\u00eb eurozon\u00eb\u201d. N\u00eb k\u00ebt\u00eb p\u00ebrfundim ka dal\u00eb Fondi Monetar Nd\u00ebrkomb\u00ebtar, q\u00eb n\u00eb nj\u00eb raport t\u00eb ri mbi ekonomin\u00eb helene thekson nj\u00eb s\u00ebr\u00eb shenjash pozitive n\u00eb k\u00ebt\u00eb drejtim. Por p\u00ebrve\u00e7 p\u00ebrparimit t\u00eb sh\u00ebnuar, FMN-ja n\u00ebnvizon gjithashtu ekzistenc\u00ebn e pikave t\u00eb dob\u00ebta dhe b\u00ebn thirrje p\u00ebr thellimin e reformave si dhe uljen e papun\u00ebsis\u00eb q\u00eb mbetet ende e lart\u00eb. Nga Greqia filloi kriza financiare e eurozon\u00ebs e vitit 2009 dhe ekonomia e vendit pati goditjen m\u00eb t\u00eb madhe mes vendeve t\u00eb tjera t\u00eb prekura. Greqia mori pjes\u00ebn m\u00eb t\u00eb madhe nga programet e shp\u00ebtimit t\u00eb FMN-s\u00eb, ku shumica e fondeve, mbi nj\u00eb e kat\u00ebrta e nj\u00eb trilion\u00eb euro buroi nga eurozona.<\/p>\n<p>Rritja ekonomike e Greqia rifilloi n\u00eb vitin 2013. Vitin e kaluar, p\u00ebr her\u00eb t\u00eb par\u00eb brenda nj\u00eb dekade, Greqia regjistroi nj\u00eb rritje ekonomike prej mbi 2 p\u00ebr qind.<\/p>\n<p>K\u00ebt\u00eb vit, FMN-ja parashikon q\u00eb gjendje t\u00eb jet\u00eb disi m\u00eb e mir\u00eb. Peter Dohlman, shefi i misionit t\u00eb FMN-s\u00eb p\u00ebr Greqin\u00eb, thot\u00eb se kjo \u00ebsht\u00eb e mjaftueshme p\u00ebr ta renditur vendin &#8220;n\u00eb krye t\u00eb tabel\u00ebs s\u00eb rritjes s\u00eb eurozon\u00ebs&#8221;.<\/p>\n<p>&nbsp;<\/p>","protected":false},"excerpt":{"rendered":"<p>Greqia ka hyr\u00eb n\u00eb nj\u00eb periudh\u00eb rritjeje ekonomike e tani \u201crenditet mes vendeve me ecurin\u00eb m\u00eb t\u00eb mir\u00eb n\u00eb eurozon\u00eb\u201d. N\u00eb k\u00ebt\u00eb p\u00ebrfundim ka dal\u00eb Fondi Monetar Nd\u00ebrkomb\u00ebtar, q\u00eb n\u00eb nj\u00eb raport t\u00eb ri mbi ekonomin\u00eb helene thekson nj\u00eb s\u00ebr\u00eb shenjash pozitive n\u00eb k\u00ebt\u00eb drejtim. Por p\u00ebrve\u00e7 p\u00ebrparimit t\u00eb sh\u00ebnuar, FMN-ja n\u00ebnvizon gjithashtu ekzistenc\u00ebn e [&hellip;]<\/p>\n","protected":false},"author":2013,"featured_media":73672,"comment_status":"open","ping_status":"closed","sticky":false,"template":"","format":"standard","meta":{"footnotes":""},"categories":[241,2],"tags":[],"class_list":{"0":"post-73671","1":"post","2":"type-post","3":"status-publish","4":"format-standard","5":"has-post-thumbnail","7":"category-aktualitet","8":"category-rajoni"},"_links":{"self":[{"href":"https:\/\/zjarr.tv\/en\/wp-json\/wp\/v2\/posts\/73671","targetHints":{"allow":["GET"]}}],"collection":[{"href":"https:\/\/zjarr.tv\/en\/wp-json\/wp\/v2\/posts"}],"about":[{"href":"https:\/\/zjarr.tv\/en\/wp-json\/wp\/v2\/types\/post"}],"author":[{"embeddable":true,"href":"https:\/\/zjarr.tv\/en\/wp-json\/wp\/v2\/users\/2013"}],"replies":[{"embeddable":true,"href":"https:\/\/zjarr.tv\/en\/wp-json\/wp\/v2\/comments?post=73671"}],"version-history":[{"count":0,"href":"https:\/\/zjarr.tv\/en\/wp-json\/wp\/v2\/posts\/73671\/revisions"}],"wp:featuredmedia":[{"embeddable":true,"href":"https:\/\/zjarr.tv\/en\/wp-json\/wp\/v2\/media\/73672"}],"wp:attachment":[{"href":"https:\/\/zjarr.tv\/en\/wp-json\/wp\/v2\/media?parent=73671"}],"wp:term":[{"taxonomy":"category","embeddable":true,"href":"https:\/\/zjarr.tv\/en\/wp-json\/wp\/v2\/categories?post=73671"},{"taxonomy":"post_tag","embeddable":true,"href":"https:\/\/zjarr.tv\/en\/wp-json\/wp\/v2\/tags?post=73671"}],"curies":[{"name":"wp","href":"https:\/\/api.w.org\/{rel}","templated":true}]}}